{"id":1246,"date":"2018-07-10T06:59:43","date_gmt":"2018-07-10T04:59:43","guid":{"rendered":"http:\/\/www.leternoassente.com\/?p=1246"},"modified":"2019-12-26T17:36:10","modified_gmt":"2019-12-26T16:36:10","slug":"eppure-io-capisco-samanta","status":"publish","type":"post","link":"https:\/\/www.leternoassente.com\/?p=1246","title":{"rendered":"Eppure io capisco Samanta"},"content":{"rendered":"<p><strong>Si fa presto a dire \u00abempatia\u00bb. Perch\u00e9 non proviamo a empatizzare anche con una bigotta?<\/strong><\/p>\n<hr>\n<p>La vicenda \u00e8 nota a chiunque sia aggiornato sulle polemiche religiose. In breve: una tizia si fa fotografare a Pontida mentre espone un cartello con la scritta \u00abSe non vuoi il crocifisso torna al tuo Paese\u00bb, l\u2019Assemblea generale della Pro Civitate Christiana <a href=\"http:\/\/bit.ly\/2u41GhJ\" target=\"_blank\" rel=\"noopener noreferrer\">la cazzia<\/a> sul sito di \u00abAvvenire\u00bb, la tizia, che scopriamo chiamarsi Samanta N., s\u2019incazza e <a href=\"http:\/\/bit.ly\/2u2Yva8\" target=\"_blank\" rel=\"noopener noreferrer\">replica piccata<\/a> e infine si becca la risposta del direttore di \u00abAvvenire\u00bb, Marco Tarquinio. Beghe fra cattolici, verrebbe da dire. Chissenefrega.<\/p>\n<p><!--more--><\/p>\n<p><img loading=\"lazy\" decoding=\"async\" class=\"alignright size-medium wp-image-1248\" src=\"http:\/\/www.leternoassente.com\/wp-content\/uploads\/2018\/07\/polemicacrocifisso-300x277.jpg\" alt=\"\" width=\"300\" height=\"277\" srcset=\"https:\/\/www.leternoassente.com\/wp-content\/uploads\/2018\/07\/polemicacrocifisso-300x277.jpg 300w, https:\/\/www.leternoassente.com\/wp-content\/uploads\/2018\/07\/polemicacrocifisso-768x709.jpg 768w, https:\/\/www.leternoassente.com\/wp-content\/uploads\/2018\/07\/polemicacrocifisso-1024x945.jpg 1024w, https:\/\/www.leternoassente.com\/wp-content\/uploads\/2018\/07\/polemicacrocifisso-325x300.jpg 325w, https:\/\/www.leternoassente.com\/wp-content\/uploads\/2018\/07\/polemicacrocifisso.jpg 1440w\" sizes=\"(max-width: 300px) 100vw, 300px\" \/>Invece questa polemica un po\u2019 scema ha trovato spazio anche fra i non credenti. Infatti alcuni hanno manifestato la propria compiaciuta sorpresa nel trovarsi in sintonia con taluni cattolici: quelli che hanno bastonato Samanta. La quale in tutta la faccenda agli occhi degli atei fa la figura della bigotta fanatica e intollerante e perci\u00f2 incoerente col messaggio cristiano. Quindi vai con l\u2019indignazione e le risposte scontate: \u00abL\u2019Italia \u00e8 un Paese laico: se ti piacciono tanto i crocifissi vai a vivere in Vaticano!\u00bb. Giusto.<\/p>\n<p>Diciamolo chiaro: Samanta, con la sua replica sconclusionata, non dice nulla \u2013 ma proprio nulla \u2013 di difendibile. Ma possiamo davvero biasimarla?<\/p>\n<p>\u00abPrima di giudicare una persona cammina nei suoi mocassini per tre lune\u00bb, dicono i nativi americani. Traduzione: non puoi giudicare qualcuno se non sai come si sente. E dunque come si sente Samanta? Vogliamo provare a chiedercelo?<\/p>\n<p>Accerchiata. Samanta si sente accerchiata.<\/p>\n<p>La fede non \u00e8 il frutto di una riflessione razionale. S\u00ec, lo so: le prove dell\u2019esistenza di Dio, gli argomenti ontologico, cosmologico, teleologico e via discorrendo&#8230; Stronzate. Stronzate non solo per noi atei, che le demoliamo con facilit\u00e0. Ma stronzate anche per i credenti: nessuno di loro ha fede in Dio perch\u00e9 Sant\u2019Anselmo avrebbe dimostrato che l\u2019esistenza dell\u2019essere pi\u00f9 perfetto \u00e8 connaturata alla sue essenza. Ma va\u2019 l\u00e0: loro ci credono perch\u00e9 questo gli hanno insegnato da piccoli. Ci credono perch\u00e9 gliel\u2019hanno detto prima mamma e pap\u00e0 e poi una suora cos\u00ec dolce all\u2019asilo e pure un prete tanto bravo quando da adolescenti frequentavano l\u2019oratorio. Dai, non ci vuole molto a immaginare l\u2019ambiente dal quale salta fuori una Samanta. Per questo lei adesso sente vivo dentro di s\u00e9 il messaggio di Ges\u00f9 trasmesso dalla Chiesa cattolica, la sua Chiesa, l\u2019unica Chiesa. Lo sente davvero, senza stare a ragionare su san Tommaso e Cartesio e Kant e Kierkegaard. Non si pone il problema della teodicea: con ogni probabilit\u00e0 lei nemmeno sa che cosa sia, la teodicea. In compenso Samanta sa \u2013 e lo sa con la stessa certezza con cui sa di esistere \u2013 che \u00e8 giusto e buono e santo ogni insegnamento della Chiesa: niente aborto, niente contraccezione, niente omosessualit\u00e0, fede cieca e senza dubbi nel Magistero, perch\u00e9 \u00abextra Ecclesiam nulla salus\u00bb. Forse Samanta immagina che milioni di atei italiani non vogliono il crocifisso e non sono meno italiani di lei. Ma non le importa: lei possiede la Verit\u00e0. E, per chi possiede la Verit\u00e0, chi invece la rifiuta \u00e8 un nemico. Anzi, peggio: \u00e8 un agente del Nemico. Perci\u00f2 Samanta ha ragione quando cita il Vangelo:<\/p>\n<blockquote><p>Chi non \u00e8 con me \u00e8 contro di me. (&#8230;)<br \/>\n\u2013 Luca 11,23 \/ Matteo 12,30<\/p><\/blockquote>\n<p>Allora come pu\u00f2 sentirsi Samanta in questa societ\u00e0 dove l\u2019aborto \u00e8 legale, i preservativi e la pillola si comprano in farmacia, i culattoni vanno in televisione e pretendono di sposarsi e adottare i bambini, e i musulmani possono costruire le loro moschee di merda? Accerchiata: ecco come si sente. Accerchiata e incompresa. Accerchiata e perfino perseguitata. Quindi si aggrappa al suo simbolo, contro chi ha \u00abaperto agli atei, ai musulmani, ai gay, ai protestanti, a Lutero&#8230; cio\u00e8 a coloro che molto spesso sputano al Crocifisso e non riconoscono il Salvatore\u00bb.<\/p>\n<p>Noi, che a differenza di Samanta non andiamo a Pontida a osannare Salvini, ripetiamo che bisogna provare empatia per i migranti. Empatia: la capacit\u00e0 di \u00absentire dentro\u00bb, ossia di immaginare la condivisione dello stato esistenziale altrui. E ribadiamo che non \u00e8 una colpa essere nati in un posto disgraziato e voler sfuggire dalla guerra, dalla persecuzione, dalla fame: \u00e8 solo sfortuna e sarebbe potuta capitare a chiunque di noi. Ma si fa presto dire \u00abempatia\u00bb e \u00absfortuna\u00bb. Vogliamo sperimentare un briciolo di empatia anche per Samanta? Vogliamo ammettere che la sfiga di nascere in un contesto familiare e sociale propenso alla credulit\u00e0 e di subire un lavaggio del cervello fin dall\u2019infanzia sarebbe potuta capitare a noi?<\/p>\n<p>Io per Samanta sono un orrore: giudeo, frocio, senzad\u00eco e comunista. Fossi anche negro, ai suoi occhi sarei l\u2019abominio supremo. Eppure Samanta \u2013 la bigotta Samanta, la fanatica Samanta, l\u2019intollerante Samanta \u2013 io la capisco. Bada: non la giustifico. Per\u00f2 la capisco.<\/p>\n<p>Poi \u2013 \u00e8 ovvio \u2013 il loro crocifisso i cattobigotti se lo possono anche infilare su per il culo. Ma questa \u00e8 un\u2019altra storia.<\/p>\n<p><strong>Choam Goldberg<\/strong><\/p>\n<hr>\n<p><em>L\u2019Eterno Assente non \u00e8 aperto ai commenti dei lettori. Perch\u00e9? \u00c8 spiegato nelle <a href=\"http:\/\/www.leternoassente.com\/?page_id=957#nocomment\" target=\"_blank\" rel=\"noopener noreferrer\">FAQ<\/a>. Per\u00f2 puoi commentare i post del <a href=\"https:\/\/www.facebook.com\/groups\/eternoassente\/\" target=\"_blank\" rel=\"noopener noreferrer\">Gruppo Facebook de L\u2019Eterno Assente<\/a>. In particolare, questo articolo lo puoi commentare <a href=\"https:\/\/www.facebook.com\/groups\/eternoassente\/permalink\/552838998465374\/\" target=\"_blank\" rel=\"noopener noreferrer\">qui<\/a>, se ti iscrivi al Gruppo dopo aver risposto a una domanda.<\/em><\/p>\n<hr>\n<p><strong>Potrebbero interessarti anche gli articoli di questi Percorsi:<\/strong><\/p>\n<p><a href=\"https:\/\/www.leternoassente.com\/?tag=cattolicesimo\" target=\"_blank\" rel=\"noopener noreferrer\">Cattolicesimo<\/a><\/p>\n<hr>\n<p><strong>Potrebbero interessarti anche i video di questi Percorsi:<\/strong><\/p>\n<p><a href=\"https:\/\/www.youtube.com\/playlist?list=PLvDA2FoGvhM0U40CNN05VV2EAkmCfKUK9\" target=\"_blank\" rel=\"noopener noreferrer\">Cattolicesimo<\/a><\/p>\n","protected":false},"excerpt":{"rendered":"<p>Si fa presto a dire \u00abempatia\u00bb. Perch\u00e9 non proviamo a empatizzare anche con una bigotta? La vicenda \u00e8 nota a chiunque sia aggiornato sulle polemiche religiose. In breve: una tizia si fa fotografare a Pontida mentre espone un cartello con &hellip; <a href=\"https:\/\/www.leternoassente.com\/?p=1246\">Continua a leggere<span class=\"meta-nav\">&rarr;<\/span><\/a><\/p>\n","protected":false},"author":1,"featured_media":1247,"comment_status":"closed","ping_status":"closed","sticky":false,"template":"","format":"standard","meta":{"footnotes":""},"categories":[5,417],"tags":[461],"class_list":["post-1246","post","type-post","status-publish","format-standard","has-post-thumbnail","hentry","category-news","category-societa","tag-cattolicesimo"],"yoast_head":"<!-- This site is optimized with the Yoast SEO plugin v25.6 - https:\/\/yoast.com\/wordpress\/plugins\/seo\/ -->\n<title>Eppure io capisco Samanta - L&#039;Eterno Assente<\/title>\n<meta name=\"robots\" content=\"index, follow, max-snippet:-1, max-image-preview:large, max-video-preview:-1\" \/>\n<link rel=\"canonical\" href=\"https:\/\/www.leternoassente.com\/?p=1246\" \/>\n<meta property=\"og:locale\" content=\"it_IT\" \/>\n<meta property=\"og:type\" content=\"article\" \/>\n<meta property=\"og:title\" content=\"Eppure io capisco Samanta - L&#039;Eterno Assente\" \/>\n<meta property=\"og:description\" content=\"Si fa presto a dire \u00abempatia\u00bb. Perch\u00e9 non proviamo a empatizzare anche con una bigotta? La vicenda \u00e8 nota a chiunque sia aggiornato sulle polemiche religiose. In breve: una tizia si fa fotografare a Pontida mentre espone un cartello con &hellip; Continua a leggere&rarr;\" \/>\n<meta property=\"og:url\" content=\"https:\/\/www.leternoassente.com\/?p=1246\" \/>\n<meta property=\"og:site_name\" content=\"L&#039;Eterno Assente\" \/>\n<meta property=\"article:published_time\" content=\"2018-07-10T04:59:43+00:00\" \/>\n<meta property=\"article:modified_time\" content=\"2019-12-26T16:36:10+00:00\" \/>\n<meta property=\"og:image\" content=\"https:\/\/www.leternoassente.com\/wp-content\/uploads\/2018\/07\/samanta.jpg\" \/>\n\t<meta property=\"og:image:width\" content=\"1499\" \/>\n\t<meta property=\"og:image:height\" content=\"438\" \/>\n\t<meta property=\"og:image:type\" content=\"image\/jpeg\" \/>\n<meta name=\"author\" content=\"Choam Goldberg\" \/>\n<meta name=\"twitter:card\" content=\"summary_large_image\" \/>\n<meta name=\"twitter:creator\" content=\"@leternoassente\" \/>\n<meta name=\"twitter:site\" content=\"@leternoassente\" \/>\n<meta name=\"twitter:label1\" content=\"Scritto da\" \/>\n\t<meta name=\"twitter:data1\" content=\"Choam Goldberg\" \/>\n\t<meta name=\"twitter:label2\" content=\"Tempo di lettura stimato\" \/>\n\t<meta name=\"twitter:data2\" content=\"4 minuti\" \/>\n<script type=\"application\/ld+json\" class=\"yoast-schema-graph\">{\"@context\":\"https:\/\/schema.org\",\"@graph\":[{\"@type\":\"Article\",\"@id\":\"https:\/\/www.leternoassente.com\/?p=1246#article\",\"isPartOf\":{\"@id\":\"https:\/\/www.leternoassente.com\/?p=1246\"},\"author\":{\"name\":\"Choam Goldberg\",\"@id\":\"https:\/\/www.leternoassente.com\/#\/schema\/person\/d2069751871fcdb89a30a0775f4170f9\"},\"headline\":\"Eppure io capisco Samanta\",\"datePublished\":\"2018-07-10T04:59:43+00:00\",\"dateModified\":\"2019-12-26T16:36:10+00:00\",\"mainEntityOfPage\":{\"@id\":\"https:\/\/www.leternoassente.com\/?p=1246\"},\"wordCount\":865,\"publisher\":{\"@id\":\"https:\/\/www.leternoassente.com\/#\/schema\/person\/d2069751871fcdb89a30a0775f4170f9\"},\"image\":{\"@id\":\"https:\/\/www.leternoassente.com\/?p=1246#primaryimage\"},\"thumbnailUrl\":\"https:\/\/www.leternoassente.com\/wp-content\/uploads\/2018\/07\/samanta.jpg\",\"keywords\":[\"Cattolicesimo\"],\"articleSection\":[\"Attualit\u00e0\",\"Societ\u00e0\"],\"inLanguage\":\"it-IT\"},{\"@type\":\"WebPage\",\"@id\":\"https:\/\/www.leternoassente.com\/?p=1246\",\"url\":\"https:\/\/www.leternoassente.com\/?p=1246\",\"name\":\"Eppure io capisco Samanta - L&#039;Eterno Assente\",\"isPartOf\":{\"@id\":\"https:\/\/www.leternoassente.com\/#website\"},\"primaryImageOfPage\":{\"@id\":\"https:\/\/www.leternoassente.com\/?p=1246#primaryimage\"},\"image\":{\"@id\":\"https:\/\/www.leternoassente.com\/?p=1246#primaryimage\"},\"thumbnailUrl\":\"https:\/\/www.leternoassente.com\/wp-content\/uploads\/2018\/07\/samanta.jpg\",\"datePublished\":\"2018-07-10T04:59:43+00:00\",\"dateModified\":\"2019-12-26T16:36:10+00:00\",\"breadcrumb\":{\"@id\":\"https:\/\/www.leternoassente.com\/?p=1246#breadcrumb\"},\"inLanguage\":\"it-IT\",\"potentialAction\":[{\"@type\":\"ReadAction\",\"target\":[\"https:\/\/www.leternoassente.com\/?p=1246\"]}]},{\"@type\":\"ImageObject\",\"inLanguage\":\"it-IT\",\"@id\":\"https:\/\/www.leternoassente.com\/?p=1246#primaryimage\",\"url\":\"https:\/\/www.leternoassente.com\/wp-content\/uploads\/2018\/07\/samanta.jpg\",\"contentUrl\":\"https:\/\/www.leternoassente.com\/wp-content\/uploads\/2018\/07\/samanta.jpg\",\"width\":1499,\"height\":438},{\"@type\":\"BreadcrumbList\",\"@id\":\"https:\/\/www.leternoassente.com\/?p=1246#breadcrumb\",\"itemListElement\":[{\"@type\":\"ListItem\",\"position\":1,\"name\":\"Home\",\"item\":\"https:\/\/www.leternoassente.com\/\"},{\"@type\":\"ListItem\",\"position\":2,\"name\":\"Eppure io capisco Samanta\"}]},{\"@type\":\"WebSite\",\"@id\":\"https:\/\/www.leternoassente.com\/#website\",\"url\":\"https:\/\/www.leternoassente.com\/\",\"name\":\"L&#039;Eterno Assente\",\"description\":\"Dio, la vita, il senso e altre cazzate\",\"publisher\":{\"@id\":\"https:\/\/www.leternoassente.com\/#\/schema\/person\/d2069751871fcdb89a30a0775f4170f9\"},\"potentialAction\":[{\"@type\":\"SearchAction\",\"target\":{\"@type\":\"EntryPoint\",\"urlTemplate\":\"https:\/\/www.leternoassente.com\/?s={search_term_string}\"},\"query-input\":{\"@type\":\"PropertyValueSpecification\",\"valueRequired\":true,\"valueName\":\"search_term_string\"}}],\"inLanguage\":\"it-IT\"},{\"@type\":[\"Person\",\"Organization\"],\"@id\":\"https:\/\/www.leternoassente.com\/#\/schema\/person\/d2069751871fcdb89a30a0775f4170f9\",\"name\":\"Choam Goldberg\",\"image\":{\"@type\":\"ImageObject\",\"inLanguage\":\"it-IT\",\"@id\":\"https:\/\/www.leternoassente.com\/#\/schema\/person\/image\/\",\"url\":\"https:\/\/secure.gravatar.com\/avatar\/63d2c9f25f05d3da5001f2898f6fc9cd?s=96&d=wavatar&r=g\",\"contentUrl\":\"https:\/\/secure.gravatar.com\/avatar\/63d2c9f25f05d3da5001f2898f6fc9cd?s=96&d=wavatar&r=g\",\"caption\":\"Choam Goldberg\"},\"logo\":{\"@id\":\"https:\/\/www.leternoassente.com\/#\/schema\/person\/image\/\"},\"description\":\"Contemplata la vastit\u00e0 del cazzo che gliene frega e raggiunta l\u2019atarass\u00eca, Choam Goldberg pratica nondimeno l'antica, dilettevole e nobile arte di demolire le credenze dei\u00a0beoti e degli insipienti.\",\"sameAs\":[\"http:\/\/www.leternoassente.com\"]}]}<\/script>\n<!-- \/ Yoast SEO plugin. -->","yoast_head_json":{"title":"Eppure io capisco Samanta - L&#039;Eterno Assente","robots":{"index":"index","follow":"follow","max-snippet":"max-snippet:-1","max-image-preview":"max-image-preview:large","max-video-preview":"max-video-preview:-1"},"canonical":"https:\/\/www.leternoassente.com\/?p=1246","og_locale":"it_IT","og_type":"article","og_title":"Eppure io capisco Samanta - L&#039;Eterno Assente","og_description":"Si fa presto a dire \u00abempatia\u00bb. Perch\u00e9 non proviamo a empatizzare anche con una bigotta? La vicenda \u00e8 nota a chiunque sia aggiornato sulle polemiche religiose. In breve: una tizia si fa fotografare a Pontida mentre espone un cartello con &hellip; Continua a leggere&rarr;","og_url":"https:\/\/www.leternoassente.com\/?p=1246","og_site_name":"L&#039;Eterno Assente","article_published_time":"2018-07-10T04:59:43+00:00","article_modified_time":"2019-12-26T16:36:10+00:00","og_image":[{"width":1499,"height":438,"url":"https:\/\/www.leternoassente.com\/wp-content\/uploads\/2018\/07\/samanta.jpg","type":"image\/jpeg"}],"author":"Choam Goldberg","twitter_card":"summary_large_image","twitter_creator":"@leternoassente","twitter_site":"@leternoassente","twitter_misc":{"Scritto da":"Choam Goldberg","Tempo di lettura stimato":"4 minuti"},"schema":{"@context":"https:\/\/schema.org","@graph":[{"@type":"Article","@id":"https:\/\/www.leternoassente.com\/?p=1246#article","isPartOf":{"@id":"https:\/\/www.leternoassente.com\/?p=1246"},"author":{"name":"Choam Goldberg","@id":"https:\/\/www.leternoassente.com\/#\/schema\/person\/d2069751871fcdb89a30a0775f4170f9"},"headline":"Eppure io capisco Samanta","datePublished":"2018-07-10T04:59:43+00:00","dateModified":"2019-12-26T16:36:10+00:00","mainEntityOfPage":{"@id":"https:\/\/www.leternoassente.com\/?p=1246"},"wordCount":865,"publisher":{"@id":"https:\/\/www.leternoassente.com\/#\/schema\/person\/d2069751871fcdb89a30a0775f4170f9"},"image":{"@id":"https:\/\/www.leternoassente.com\/?p=1246#primaryimage"},"thumbnailUrl":"https:\/\/www.leternoassente.com\/wp-content\/uploads\/2018\/07\/samanta.jpg","keywords":["Cattolicesimo"],"articleSection":["Attualit\u00e0","Societ\u00e0"],"inLanguage":"it-IT"},{"@type":"WebPage","@id":"https:\/\/www.leternoassente.com\/?p=1246","url":"https:\/\/www.leternoassente.com\/?p=1246","name":"Eppure io capisco Samanta - L&#039;Eterno Assente","isPartOf":{"@id":"https:\/\/www.leternoassente.com\/#website"},"primaryImageOfPage":{"@id":"https:\/\/www.leternoassente.com\/?p=1246#primaryimage"},"image":{"@id":"https:\/\/www.leternoassente.com\/?p=1246#primaryimage"},"thumbnailUrl":"https:\/\/www.leternoassente.com\/wp-content\/uploads\/2018\/07\/samanta.jpg","datePublished":"2018-07-10T04:59:43+00:00","dateModified":"2019-12-26T16:36:10+00:00","breadcrumb":{"@id":"https:\/\/www.leternoassente.com\/?p=1246#breadcrumb"},"inLanguage":"it-IT","potentialAction":[{"@type":"ReadAction","target":["https:\/\/www.leternoassente.com\/?p=1246"]}]},{"@type":"ImageObject","inLanguage":"it-IT","@id":"https:\/\/www.leternoassente.com\/?p=1246#primaryimage","url":"https:\/\/www.leternoassente.com\/wp-content\/uploads\/2018\/07\/samanta.jpg","contentUrl":"https:\/\/www.leternoassente.com\/wp-content\/uploads\/2018\/07\/samanta.jpg","width":1499,"height":438},{"@type":"BreadcrumbList","@id":"https:\/\/www.leternoassente.com\/?p=1246#breadcrumb","itemListElement":[{"@type":"ListItem","position":1,"name":"Home","item":"https:\/\/www.leternoassente.com\/"},{"@type":"ListItem","position":2,"name":"Eppure io capisco Samanta"}]},{"@type":"WebSite","@id":"https:\/\/www.leternoassente.com\/#website","url":"https:\/\/www.leternoassente.com\/","name":"L&#039;Eterno Assente","description":"Dio, la vita, il senso e altre cazzate","publisher":{"@id":"https:\/\/www.leternoassente.com\/#\/schema\/person\/d2069751871fcdb89a30a0775f4170f9"},"potentialAction":[{"@type":"SearchAction","target":{"@type":"EntryPoint","urlTemplate":"https:\/\/www.leternoassente.com\/?s={search_term_string}"},"query-input":{"@type":"PropertyValueSpecification","valueRequired":true,"valueName":"search_term_string"}}],"inLanguage":"it-IT"},{"@type":["Person","Organization"],"@id":"https:\/\/www.leternoassente.com\/#\/schema\/person\/d2069751871fcdb89a30a0775f4170f9","name":"Choam Goldberg","image":{"@type":"ImageObject","inLanguage":"it-IT","@id":"https:\/\/www.leternoassente.com\/#\/schema\/person\/image\/","url":"https:\/\/secure.gravatar.com\/avatar\/63d2c9f25f05d3da5001f2898f6fc9cd?s=96&d=wavatar&r=g","contentUrl":"https:\/\/secure.gravatar.com\/avatar\/63d2c9f25f05d3da5001f2898f6fc9cd?s=96&d=wavatar&r=g","caption":"Choam Goldberg"},"logo":{"@id":"https:\/\/www.leternoassente.com\/#\/schema\/person\/image\/"},"description":"Contemplata la vastit\u00e0 del cazzo che gliene frega e raggiunta l\u2019atarass\u00eca, Choam Goldberg pratica nondimeno l'antica, dilettevole e nobile arte di demolire le credenze dei\u00a0beoti e degli insipienti.","sameAs":["http:\/\/www.leternoassente.com"]}]}},"_links":{"self":[{"href":"https:\/\/www.leternoassente.com\/index.php?rest_route=\/wp\/v2\/posts\/1246"}],"collection":[{"href":"https:\/\/www.leternoassente.com\/index.php?rest_route=\/wp\/v2\/posts"}],"about":[{"href":"https:\/\/www.leternoassente.com\/index.php?rest_route=\/wp\/v2\/types\/post"}],"author":[{"embeddable":true,"href":"https:\/\/www.leternoassente.com\/index.php?rest_route=\/wp\/v2\/users\/1"}],"replies":[{"embeddable":true,"href":"https:\/\/www.leternoassente.com\/index.php?rest_route=%2Fwp%2Fv2%2Fcomments&post=1246"}],"version-history":[{"count":9,"href":"https:\/\/www.leternoassente.com\/index.php?rest_route=\/wp\/v2\/posts\/1246\/revisions"}],"predecessor-version":[{"id":2849,"href":"https:\/\/www.leternoassente.com\/index.php?rest_route=\/wp\/v2\/posts\/1246\/revisions\/2849"}],"wp:featuredmedia":[{"embeddable":true,"href":"https:\/\/www.leternoassente.com\/index.php?rest_route=\/wp\/v2\/media\/1247"}],"wp:attachment":[{"href":"https:\/\/www.leternoassente.com\/index.php?rest_route=%2Fwp%2Fv2%2Fmedia&parent=1246"}],"wp:term":[{"taxonomy":"category","embeddable":true,"href":"https:\/\/www.leternoassente.com\/index.php?rest_route=%2Fwp%2Fv2%2Fcategories&post=1246"},{"taxonomy":"post_tag","embeddable":true,"href":"https:\/\/www.leternoassente.com\/index.php?rest_route=%2Fwp%2Fv2%2Ftags&post=1246"}],"curies":[{"name":"wp","href":"https:\/\/api.w.org\/{rel}","templated":true}]}}