{"id":2624,"date":"2019-12-25T08:59:27","date_gmt":"2019-12-25T07:59:27","guid":{"rendered":"https:\/\/www.leternoassente.com\/?p=2624"},"modified":"2020-05-18T15:36:56","modified_gmt":"2020-05-18T13:36:56","slug":"la-sardina-velata","status":"publish","type":"post","link":"https:\/\/www.leternoassente.com\/?p=2624","title":{"rendered":"La sardina velata"},"content":{"rendered":"<p><strong>Perch\u00e9 nessuno ha posto la domanda fondamentale a lei, proprio a lei?<\/strong><\/p>\n<hr>\n<p>Alcuni anni fa ho tenuto delle lezioni di comunicazione in un master di farmacologia. I miei studenti erano tutti laureati o dottorandi. Una bella classe, vivace e partecipe. Fra loro, in prima fila, una ragazza con l&#8217;hijab. Al termine del corso, chiesi alla prof che mi aveva invitato chi fosse quella giovane e lei mi rispose che si trattava di una tunisina con un dottorato in chimica, molto intelligente e molto brillante, fluente in cinque lingue, che l&#8217;anno successivo sarebbe andata a Parigi per un lungo post-doc in un prestigioso istituto di ricerca. Quella ragazza mi \u00e8 tornata in mente nei giorni scorsi, quando \u00e8 esplosa la polemica per la partecipazione, sul palco della manifestazione romana delle sardine, di una musulmana velata, Nibras Asfa. Polemica sviluppatasi in particolare su MicroMega, dove hanno brillato per chiarezza e lucidit\u00e0 gli interventi di Cinzia Sciuto. Da l\u00ec si \u00e8 poi estesa per esempio al Gruppo I Laic UAAR, nel quale sono stati condivisi alcuni articoli. Eppure, nella polemica, nessuno ha sollevato la questione fondamentale.<\/p>\n<p><!--more--><\/p>\n<p>Velo s\u00ec? Velo no? Velo come simbolo di oppressione misogina? Velo come simbolo identitario? Velo incompatibile con la laicit\u00e0? Velo come scelta individuale libera e rispettabile? Velo come dovere o come diritto? Velo da difendere, da proibire, da ignorare? Sul velo ho gi\u00e0 scritto un <a href=\"http:\/\/bit.ly\/2ZibP8Z\" target=\"_blank\" rel=\"noopener noreferrer\">lungo articolo<\/a> e quella rimane la mia opinione. Tuttavia mi accorgo che nemmeno io ho affrontato un aspetto essenziale.<\/p>\n<p>Anzitutto riassumiamo, in estrema sintesi, le due posizioni emerse nella polemica sull&#8217;hijab.<\/p>\n<ol>\n<li>Il velo \u00e8 un simbolo di discriminazione giustificata sulla base di una religione misogina e patriarcale. Nei Paesi a maggioranza islamica milioni di donne sono costrette a metterlo contro la propria volont\u00e0, perci\u00f2 indossarlo in Occidente come simbolo identitario significa ignorare la loro oppressione e dimenticare le loro lotte per l&#8217;emancipazione. Non si pu\u00f2 combattere l&#8217;identitarismo religioso del crocifisso con l&#8217;identitarismo religioso dell&#8217;hijab. La vera laicit\u00e0 deve prescindere da ogni espressione di appartenenza a una religione.<\/li>\n<li>Il velo deve poter essere una libera scelta individuale e come tale va rispettato. Infatti milioni di donne lo indossano in modo libero e consapevole, senza alcuna costrizione. Sostenere che tutte le donne velate sono oppresse implica che tutte loro sono incapaci di intendere e di volere. Pretendere che in alcuni contesti non indossino l&#8217;hijab \u00e8 simmetrico e speculare, quindi equivalente, a pretendere che lo indossino: ancora una pretesa paternalistica, perfino patriarcale, sul corpo delle donne.<\/li>\n<\/ol>\n<p>Entrambe le posizioni appaiono ragionevoli, entrambe sembrano ben argomentate. In entrambe per\u00f2 rimane inespressa una questione: il giudizio sulle donne libere e velate, come Nibras Asfa. Su di loro nessuno ha avuto il coraggio di dire alcunch\u00e9. E, soprattutto, nessuno ha posto a lei la domanda pi\u00f9 importante.<\/p>\n<p>Se una donna viene costretta a indossare il velo, con la forza dai parenti o con la pressione sociale dalla comunit\u00e0, lo Stato deve intervenire per proteggerla: su questo tutti \u2013 ma proprio tutto tutti \u2013 sono d&#8217;accordo. Che ci\u00f2 accada in molti casi all&#8217;interno di alcune comunit\u00e0 islamiche in Occidente e che purtroppo non ci siano gli strumenti legali o la volont\u00e0 politica e sociale di estirpare queste usanze incivili \u00e8 pure un fatto. Bisogna essere idioti o in malafede per negare o per difendere il fondamentalismo islamico, sebbene anche a Sinistra purtroppo alcuni si ostinino a farlo e se non li segui ti accusino di avere degli <a href=\"http:\/\/bit.ly\/2sdn1Y6\" target=\"_blank\" rel=\"noopener noreferrer\">orrendi compagni di strada<\/a>. Insomma, le musulmane oppresse sono da proteggere. Ma che dire delle musulmane libere?<\/p>\n<p>In effetti il vero problema lo pone la donna musulmana non oppressa, quella che dice: \u00abIo l&#8217;hijab lo indosso perch\u00e9 voglio indossarlo, e nessuno mi costringe\u00bb. Di fronte a questa dichiarazione, tutti si fermano: \u00abAh, be&#8217;, allora chi siamo noi per giudicare? Chi pu\u00f2 davvero sondare le sue ragioni? Dobbiamo rispettare la sua scelta!\u00bb. Gi\u00e0. Ma che significa esattamente \u00abrispettare la sua scelta\u00bb?<\/p>\n<p>\u00abRispettare\u00bb significa senza dubbio \u00abnon ostacolare\u00bb. Sarebbe barbaro strapparle il velo dalla testa e costringerla ad andare a capo scoperto. Quello s\u00ec sarebbe paternalistico e patriarcale, poich\u00e9 sarebbe l&#8217;imposizione di un dress code speculare a quello dei fondamentalisti islamici, altrettanto maschilista.<\/p>\n<p>Ma \u00abrispettare\u00bb non significa \u00abnon giudicare\u00bb. Una donna \u00e8 padronissima di scegliere di indossare il velo, ma io rivendico il diritto di esprimere un giudizio sulla sua scelta. E lo dico: \u00e8 una scelta cretina. Bada: \u00e8 cretina la scelta, non la donna. Tutti noi possiamo fare scelte cretine senza essere cretini, e la relazione fra persone e scelte \u00e8 la stessa che intercorre fra <a href=\"http:\/\/bit.ly\/35lWvdN\" target=\"_blank\" rel=\"noopener noreferrer\">persone e idee<\/a>. Nondimeno alcune scelte sono oggettivamente cretine, perch\u00e9 contraddittorie o autolesioniste.<\/p>\n<p>La vera domanda da porsi, la domanda che mi posi io di fronte a quella giovane scienziata tunisina, la domanda che qualcuno dovrebbe porre a Nibras Asfa, \u00e8 la seguente:<\/p>\n<p>come accidenti fa una donna intelligente, colta, emancipata e libera ad aderire a una religione piena zeppa di stronzate irrazionali, un cumulo di credenze incivili degne di beduini allevatori di capre, un cumulo di superstizioni e di precetti che considerano lei inferiore in quanto donna e dunque da sottomettere all&#8217;uomo, tanto da imporle di indossare un indumento che di quella sottomissione \u00e8 il simbolo?<\/p>\n<p>Ecco, \u00e8 questo che bisogna chiedersi. Ed \u00e8 questo che invece nessuno sembra essersi chiesto n\u00e9 aver chiesto alla sardina velata.<\/p>\n<p>Libert\u00e0 e consapevolezza in una scelta comportano una responsabilit\u00e0: la responsabilit\u00e0 del giudizio altrui, al quale si sottopone la scelta. Sicch\u00e9 io giudico quella scelta. E lo ribadisco: \u00e8 una scelta assurda, demenziale, autolesionista. Non importa se chi la compie \u00e8 colta e intelligente. Anzi no: importa altroch\u00e9, ed \u00e8 pure peggio. Proprio una persona colta e intelligente dovrebbe essere razionale, rifiutare il pattume religioso e mantenere il rispetto per s\u00e9 stessa.<\/p>\n<p>Non solo: quella scelta \u00e8 s\u00ec individuale, tuttavia ha delle conseguenze per l&#8217;intera collettivit\u00e0. Infatti il velo sul capo di una donna istruita e brillante comunica un messaggio: \u00e8 possibile essere colta e intelligente e nel contempo sottomettersi a una religione maschilista e patriarcale. Come se fosse una scelta legittima e dignitosa, non autolesionista e demenziale. Cos\u00ec facendo, il velo sar\u00e0 anche una libera scelta, ma legittima quella religione e tutta la sua discriminazione.<\/p>\n<p>In conclusione, nella sardina velata nessuno ha rilevato la suprema contraddizione: una persona che da un lato legge la Costituzione italiana, con ci\u00f2 condividendone i valori di libert\u00e0, di uguaglianza, di rispetto, ma che dall&#8217;altro lato dimostra, con quello straccio in testa, di aderire a un coacervo di credenze secondo le quali lei \u00e8 un essere umano di seconda categoria, di valore inferiore a quello del maschio. Perch\u00e9 questo \u00e8 l&#8217;islam: chi lo nega non ha letto il Corano oppure, se lo ha letto, preferisce pescarci dentro soltanto quello che gli fa comodo e ignorare le porcherie barbare di cui \u00e8 infarcito, con ci\u00f2 dimostrando di essere in malafede.<\/p>\n<p><a href=\"http:\/\/bit.ly\/2Mkf0Ia\" target=\"_blank\" rel=\"noopener noreferrer\">Giovanni Perazzoli scrive<\/a>:<\/p>\n<blockquote><p>\u00abSi pu\u00f2 assumere una tesi che attribuisca alle religioni un&#8217;impossibilit\u00e0 strutturale ad essere laiche e democratiche, e che le renda, gi\u00e0 da sempre, colpevoli: ma questa non \u00e8 una tesi laica. Pu\u00f2 essere un modo per camuffare l&#8217;intolleranza con la difesa della laicit\u00e0, una forma di fondamentalismo alla rovescia. (Si farebbe miglior servizio a dire apertamente quali sono \u2013 e ce ne sono \u2013 i problemi con l&#8217;islam, piuttosto che prendersela con una giovane sardina velata).\u00bb<\/p><\/blockquote>\n<p>Certo che le religioni abramitiche soffrono di \u00abun&#8217;impossibilit\u00e0 strutturale ad essere laiche e democratiche\u00bb. Eccome se ne soffrono! E certo che ci sono problemi con l&#8217;islam. Eccome se ci sono! L&#8217;islam \u2013 e insieme all&#8217;islam anche il cristianesimo e l&#8217;ebraismo \u2013 \u00e8 in profonda, insanabile contraddizione con i valori dell&#8217;Occidente sviluppati dall&#8217;illuminismo e codificati nelle Costituzioni dei Paesi civili. La sardina velata che legge la Costituzione italiana, alla fine, \u00e8 solo la manifestazione individuale di quella contraddizione. E non si tratta di prendersela con lei in modo gratuito, ma di chiederle ragione della sua incoerenza.<\/p>\n<p>Ora qualcuno dir\u00e0: \u00abVabbe&#8217;, ma poi ciascuno dev&#8217;essere libero di avere le proprie contraddizioni\u00bb. Sicuro. Come no. Scommetto che da qualche parte esiste qualche ebreo ammiratore di Hitler o qualche afroamericano estimatore del Klan. Del resto milioni di donne americane hanno votato per Donald Trump e non tutte sono cretine e ignoranti. La psiche umana \u00e8 capace di sguazzare nelle assurdit\u00e0 pi\u00f9 demenziali. Non sar\u00f2 certo io a pretendere di tirare queste persone fuori dalle loro incoerenze. Ma esigo di poter giudicare le loro scelte. Male, com&#8217;\u00e8 ovvio. Anzi malissimo.<\/p>\n<p><strong><a href=\"https:\/\/www.leternoassente.com\/?page_id=1842\" target=\"Choam Goldberg\" rel=\"noopener noreferrer\">Choam Goldberg<\/a><\/strong><\/p>\n<hr>\n<p>Leggi anche:<br \/>\n<a href=\"http:\/\/bit.ly\/2MiY4BA\" target=\"_blank\" rel=\"noopener noreferrer\">P. Flores d&#8217;Arcais, Ma la sardina col velo no, \u00abper la contradizion che nol consente\u00bb<\/a><br \/>\n<a href=\"http:\/\/bit.ly\/390IPqL\" target=\"_blank\" rel=\"noopener noreferrer\">C. Sciuto, Care Sardine, non si risponde alla croce col velo<\/a><br \/>\n<a href=\"http:\/\/bit.ly\/36XswsS\" target=\"_blank\" rel=\"noopener noreferrer\">A. Tabrizi, \u00abPerch\u00e9, da iraniana, ho sofferto nel vedere il velo sul palco delle sardine\u00bb<\/a><br \/>\n<a href=\"http:\/\/bit.ly\/2MffYoM\" target=\"_blank\" rel=\"noopener noreferrer\">M. Lanfranco, Sei di sinistra (e femminista) se dai spazio ad una visione religiosa misogina?<\/a><br \/>\n<a href=\"http:\/\/bit.ly\/2SfUig8\" target=\"_blank\" rel=\"noopener noreferrer\">C. Sciuto, Se la sinistra confonde l\u2019antirazzismo con la difesa dell&#8217;islam<\/a><br \/>\n<a href=\"http:\/\/bit.ly\/2Mkf0Ia\" target=\"_blank\" rel=\"noopener noreferrer\">AAVV, Le sardine e il velo, perch\u00e9 le critiche di MicroMega sono sbagliate<\/a><\/p>\n<hr>\n<p><em>L&#8217;Eterno Assente non \u00e8 aperto ai commenti dei lettori. Perch\u00e9? \u00c8 spiegato nelle <a href=\"http:\/\/www.leternoassente.com\/?page_id=957#nocomment\" target=\"_blank\" rel=\"noopener noreferrer\">FAQ<\/a>. Per\u00f2 puoi commentare i post del <a href=\"https:\/\/www.facebook.com\/groups\/eternoassente\/\" target=\"_blank\" rel=\"noopener noreferrer\">Gruppo Facebook de L&#8217;Eterno Assente<\/a>. In particolare, questo articolo lo puoi commentare <a href=\"https:\/\/www.facebook.com\/groups\/eternoassente\/permalink\/910514642697806\/\" target=\"_blank\" rel=\"noopener noreferrer\">qui<\/a>, se ti iscrivi al Gruppo dopo aver risposto a una domanda.<\/em><\/p>\n<hr>\n<p><strong>Potrebbero interessarti anche gli articoli di questi Percorsi:<\/strong><\/p>\n<p><a href=\"https:\/\/www.leternoassente.com\/?tag=dialogo\" target=\"_blank\" rel=\"noopener noreferrer\">Dialogo<\/a><br \/>\n<a href=\"https:\/\/www.leternoassente.com\/?tag=diritti\" target=\"_blank\" rel=\"noopener noreferrer\">Diritti<\/a><br \/>\n<a href=\"https:\/\/www.leternoassente.com\/?tag=islam\" target=\"_blank\" rel=\"noopener noreferrer\">Islam<\/a><br \/>\n<a href=\"https:\/\/www.leternoassente.com\/?tag=polemiche\" target=\"_blank\" rel=\"noopener noreferrer\">Polemiche<\/a><br \/>\n<a href=\"https:\/\/www.leternoassente.com\/?tag=tolleranza\" target=\"_blank\" rel=\"noopener noreferrer\">Tolleranza<\/a><\/p>\n<hr>\n<p><strong>Potrebbero interessarti anche i video di questi Percorsi:<\/strong><\/p>\n<p><a href=\"https:\/\/www.youtube.com\/playlist?list=PLvDA2FoGvhM3UDZgWCMmK8gPL8xTOeglv\" target=\"_blank\" rel=\"noopener noreferrer\">Dialogo<\/a><br \/>\n<a href=\"https:\/\/www.youtube.com\/playlist?list=PLvDA2FoGvhM2DjlXvjVApa-rFei79hWQK\" target=\"_blank\" rel=\"noopener noreferrer\">Diritti<\/a><br \/>\n<a href=\"https:\/\/www.youtube.com\/playlist?list=PLvDA2FoGvhM3GOuNfyiWNzatwNW0v9JMt\" target=\"_blank\" rel=\"noopener noreferrer\">Islam<\/a><br \/>\n<a href=\"https:\/\/www.youtube.com\/playlist?list=PLvDA2FoGvhM0ws9MrkZE5BZGEwU0C3XgR\" target=\"_blank\" rel=\"noopener noreferrer\">Polemiche<\/a><br \/>\n<a href=\"https:\/\/www.youtube.com\/playlist?list=PLvDA2FoGvhM3dG1LdJCR8t4BH8DJ9ieNJ\" target=\"_blank\" rel=\"noopener noreferrer\">Tolleranza<\/a><\/p>\n","protected":false},"excerpt":{"rendered":"<p>Perch\u00e9 nessuno ha posto la domanda fondamentale a lei, proprio a lei? <a href=\"https:\/\/www.leternoassente.com\/?p=2624\">Continua a leggere<span class=\"meta-nav\">&rarr;<\/span><\/a><\/p>\n","protected":false},"author":1,"featured_media":2628,"comment_status":"closed","ping_status":"closed","sticky":false,"template":"","format":"standard","meta":{"footnotes":""},"categories":[5,481,417],"tags":[462,483,450,451,487,453],"class_list":["post-2624","post","type-post","status-publish","format-standard","has-post-thumbnail","hentry","category-news","category-politica","category-societa","tag-coerenza","tag-dialogo","tag-diritti","tag-islam","tag-polemiche","tag-tolleranza"],"yoast_head":"<!-- This site is optimized with the Yoast SEO plugin v25.6 - https:\/\/yoast.com\/wordpress\/plugins\/seo\/ -->\n<title>La sardina velata - L&#039;Eterno Assente<\/title>\n<meta name=\"description\" content=\"Perch\u00e9 nessuno ha posto la domanda fondamentale a lei, proprio a lei?\" \/>\n<meta name=\"robots\" content=\"index, follow, max-snippet:-1, max-image-preview:large, max-video-preview:-1\" \/>\n<link rel=\"canonical\" href=\"https:\/\/www.leternoassente.com\/?p=2624\" \/>\n<meta property=\"og:locale\" content=\"it_IT\" \/>\n<meta property=\"og:type\" content=\"article\" \/>\n<meta property=\"og:title\" content=\"La sardina velata - L&#039;Eterno Assente\" \/>\n<meta property=\"og:description\" content=\"Perch\u00e9 nessuno ha posto la domanda fondamentale a lei, proprio a lei?\" \/>\n<meta property=\"og:url\" content=\"https:\/\/www.leternoassente.com\/?p=2624\" \/>\n<meta property=\"og:site_name\" content=\"L&#039;Eterno Assente\" \/>\n<meta property=\"article:published_time\" content=\"2019-12-25T07:59:27+00:00\" \/>\n<meta property=\"article:modified_time\" content=\"2020-05-18T13:36:56+00:00\" \/>\n<meta property=\"og:image\" content=\"https:\/\/www.leternoassente.com\/wp-content\/uploads\/2019\/12\/sardine.jpg\" \/>\n\t<meta property=\"og:image:width\" content=\"1500\" \/>\n\t<meta property=\"og:image:height\" content=\"435\" \/>\n\t<meta property=\"og:image:type\" content=\"image\/jpeg\" \/>\n<meta name=\"author\" content=\"Choam Goldberg\" \/>\n<meta name=\"twitter:card\" content=\"summary_large_image\" \/>\n<meta name=\"twitter:creator\" content=\"@leternoassente\" \/>\n<meta name=\"twitter:site\" content=\"@leternoassente\" \/>\n<meta name=\"twitter:label1\" content=\"Scritto da\" \/>\n\t<meta name=\"twitter:data1\" content=\"Choam Goldberg\" \/>\n\t<meta name=\"twitter:label2\" content=\"Tempo di lettura stimato\" \/>\n\t<meta name=\"twitter:data2\" content=\"8 minuti\" \/>\n<script type=\"application\/ld+json\" class=\"yoast-schema-graph\">{\"@context\":\"https:\/\/schema.org\",\"@graph\":[{\"@type\":\"Article\",\"@id\":\"https:\/\/www.leternoassente.com\/?p=2624#article\",\"isPartOf\":{\"@id\":\"https:\/\/www.leternoassente.com\/?p=2624\"},\"author\":{\"name\":\"Choam Goldberg\",\"@id\":\"https:\/\/www.leternoassente.com\/#\/schema\/person\/d2069751871fcdb89a30a0775f4170f9\"},\"headline\":\"La sardina velata\",\"datePublished\":\"2019-12-25T07:59:27+00:00\",\"dateModified\":\"2020-05-18T13:36:56+00:00\",\"mainEntityOfPage\":{\"@id\":\"https:\/\/www.leternoassente.com\/?p=2624\"},\"wordCount\":1556,\"publisher\":{\"@id\":\"https:\/\/www.leternoassente.com\/#\/schema\/person\/d2069751871fcdb89a30a0775f4170f9\"},\"image\":{\"@id\":\"https:\/\/www.leternoassente.com\/?p=2624#primaryimage\"},\"thumbnailUrl\":\"https:\/\/www.leternoassente.com\/wp-content\/uploads\/2019\/12\/sardine.jpg\",\"keywords\":[\"Coerenza\",\"Dialogo\",\"Diritti\",\"Islam\",\"Polemiche\",\"Tolleranza\"],\"articleSection\":[\"Attualit\u00e0\",\"Politica\",\"Societ\u00e0\"],\"inLanguage\":\"it-IT\"},{\"@type\":\"WebPage\",\"@id\":\"https:\/\/www.leternoassente.com\/?p=2624\",\"url\":\"https:\/\/www.leternoassente.com\/?p=2624\",\"name\":\"La sardina velata - L&#039;Eterno Assente\",\"isPartOf\":{\"@id\":\"https:\/\/www.leternoassente.com\/#website\"},\"primaryImageOfPage\":{\"@id\":\"https:\/\/www.leternoassente.com\/?p=2624#primaryimage\"},\"image\":{\"@id\":\"https:\/\/www.leternoassente.com\/?p=2624#primaryimage\"},\"thumbnailUrl\":\"https:\/\/www.leternoassente.com\/wp-content\/uploads\/2019\/12\/sardine.jpg\",\"datePublished\":\"2019-12-25T07:59:27+00:00\",\"dateModified\":\"2020-05-18T13:36:56+00:00\",\"description\":\"Perch\u00e9 nessuno ha posto la domanda fondamentale a lei, proprio a lei?\",\"breadcrumb\":{\"@id\":\"https:\/\/www.leternoassente.com\/?p=2624#breadcrumb\"},\"inLanguage\":\"it-IT\",\"potentialAction\":[{\"@type\":\"ReadAction\",\"target\":[\"https:\/\/www.leternoassente.com\/?p=2624\"]}]},{\"@type\":\"ImageObject\",\"inLanguage\":\"it-IT\",\"@id\":\"https:\/\/www.leternoassente.com\/?p=2624#primaryimage\",\"url\":\"https:\/\/www.leternoassente.com\/wp-content\/uploads\/2019\/12\/sardine.jpg\",\"contentUrl\":\"https:\/\/www.leternoassente.com\/wp-content\/uploads\/2019\/12\/sardine.jpg\",\"width\":1500,\"height\":435},{\"@type\":\"BreadcrumbList\",\"@id\":\"https:\/\/www.leternoassente.com\/?p=2624#breadcrumb\",\"itemListElement\":[{\"@type\":\"ListItem\",\"position\":1,\"name\":\"Home\",\"item\":\"https:\/\/www.leternoassente.com\/\"},{\"@type\":\"ListItem\",\"position\":2,\"name\":\"La sardina velata\"}]},{\"@type\":\"WebSite\",\"@id\":\"https:\/\/www.leternoassente.com\/#website\",\"url\":\"https:\/\/www.leternoassente.com\/\",\"name\":\"L&#039;Eterno Assente\",\"description\":\"Dio, la vita, il senso e altre cazzate\",\"publisher\":{\"@id\":\"https:\/\/www.leternoassente.com\/#\/schema\/person\/d2069751871fcdb89a30a0775f4170f9\"},\"potentialAction\":[{\"@type\":\"SearchAction\",\"target\":{\"@type\":\"EntryPoint\",\"urlTemplate\":\"https:\/\/www.leternoassente.com\/?s={search_term_string}\"},\"query-input\":{\"@type\":\"PropertyValueSpecification\",\"valueRequired\":true,\"valueName\":\"search_term_string\"}}],\"inLanguage\":\"it-IT\"},{\"@type\":[\"Person\",\"Organization\"],\"@id\":\"https:\/\/www.leternoassente.com\/#\/schema\/person\/d2069751871fcdb89a30a0775f4170f9\",\"name\":\"Choam Goldberg\",\"image\":{\"@type\":\"ImageObject\",\"inLanguage\":\"it-IT\",\"@id\":\"https:\/\/www.leternoassente.com\/#\/schema\/person\/image\/\",\"url\":\"https:\/\/secure.gravatar.com\/avatar\/63d2c9f25f05d3da5001f2898f6fc9cd?s=96&d=wavatar&r=g\",\"contentUrl\":\"https:\/\/secure.gravatar.com\/avatar\/63d2c9f25f05d3da5001f2898f6fc9cd?s=96&d=wavatar&r=g\",\"caption\":\"Choam Goldberg\"},\"logo\":{\"@id\":\"https:\/\/www.leternoassente.com\/#\/schema\/person\/image\/\"},\"description\":\"Contemplata la vastit\u00e0 del cazzo che gliene frega e raggiunta l\u2019atarass\u00eca, Choam Goldberg pratica nondimeno l'antica, dilettevole e nobile arte di demolire le credenze dei\u00a0beoti e degli insipienti.\",\"sameAs\":[\"http:\/\/www.leternoassente.com\"]}]}<\/script>\n<!-- \/ Yoast SEO plugin. -->","yoast_head_json":{"title":"La sardina velata - L&#039;Eterno Assente","description":"Perch\u00e9 nessuno ha posto la domanda fondamentale a lei, proprio a lei?","robots":{"index":"index","follow":"follow","max-snippet":"max-snippet:-1","max-image-preview":"max-image-preview:large","max-video-preview":"max-video-preview:-1"},"canonical":"https:\/\/www.leternoassente.com\/?p=2624","og_locale":"it_IT","og_type":"article","og_title":"La sardina velata - L&#039;Eterno Assente","og_description":"Perch\u00e9 nessuno ha posto la domanda fondamentale a lei, proprio a lei?","og_url":"https:\/\/www.leternoassente.com\/?p=2624","og_site_name":"L&#039;Eterno Assente","article_published_time":"2019-12-25T07:59:27+00:00","article_modified_time":"2020-05-18T13:36:56+00:00","og_image":[{"width":1500,"height":435,"url":"https:\/\/www.leternoassente.com\/wp-content\/uploads\/2019\/12\/sardine.jpg","type":"image\/jpeg"}],"author":"Choam Goldberg","twitter_card":"summary_large_image","twitter_creator":"@leternoassente","twitter_site":"@leternoassente","twitter_misc":{"Scritto da":"Choam Goldberg","Tempo di lettura stimato":"8 minuti"},"schema":{"@context":"https:\/\/schema.org","@graph":[{"@type":"Article","@id":"https:\/\/www.leternoassente.com\/?p=2624#article","isPartOf":{"@id":"https:\/\/www.leternoassente.com\/?p=2624"},"author":{"name":"Choam Goldberg","@id":"https:\/\/www.leternoassente.com\/#\/schema\/person\/d2069751871fcdb89a30a0775f4170f9"},"headline":"La sardina velata","datePublished":"2019-12-25T07:59:27+00:00","dateModified":"2020-05-18T13:36:56+00:00","mainEntityOfPage":{"@id":"https:\/\/www.leternoassente.com\/?p=2624"},"wordCount":1556,"publisher":{"@id":"https:\/\/www.leternoassente.com\/#\/schema\/person\/d2069751871fcdb89a30a0775f4170f9"},"image":{"@id":"https:\/\/www.leternoassente.com\/?p=2624#primaryimage"},"thumbnailUrl":"https:\/\/www.leternoassente.com\/wp-content\/uploads\/2019\/12\/sardine.jpg","keywords":["Coerenza","Dialogo","Diritti","Islam","Polemiche","Tolleranza"],"articleSection":["Attualit\u00e0","Politica","Societ\u00e0"],"inLanguage":"it-IT"},{"@type":"WebPage","@id":"https:\/\/www.leternoassente.com\/?p=2624","url":"https:\/\/www.leternoassente.com\/?p=2624","name":"La sardina velata - L&#039;Eterno Assente","isPartOf":{"@id":"https:\/\/www.leternoassente.com\/#website"},"primaryImageOfPage":{"@id":"https:\/\/www.leternoassente.com\/?p=2624#primaryimage"},"image":{"@id":"https:\/\/www.leternoassente.com\/?p=2624#primaryimage"},"thumbnailUrl":"https:\/\/www.leternoassente.com\/wp-content\/uploads\/2019\/12\/sardine.jpg","datePublished":"2019-12-25T07:59:27+00:00","dateModified":"2020-05-18T13:36:56+00:00","description":"Perch\u00e9 nessuno ha posto la domanda fondamentale a lei, proprio a lei?","breadcrumb":{"@id":"https:\/\/www.leternoassente.com\/?p=2624#breadcrumb"},"inLanguage":"it-IT","potentialAction":[{"@type":"ReadAction","target":["https:\/\/www.leternoassente.com\/?p=2624"]}]},{"@type":"ImageObject","inLanguage":"it-IT","@id":"https:\/\/www.leternoassente.com\/?p=2624#primaryimage","url":"https:\/\/www.leternoassente.com\/wp-content\/uploads\/2019\/12\/sardine.jpg","contentUrl":"https:\/\/www.leternoassente.com\/wp-content\/uploads\/2019\/12\/sardine.jpg","width":1500,"height":435},{"@type":"BreadcrumbList","@id":"https:\/\/www.leternoassente.com\/?p=2624#breadcrumb","itemListElement":[{"@type":"ListItem","position":1,"name":"Home","item":"https:\/\/www.leternoassente.com\/"},{"@type":"ListItem","position":2,"name":"La sardina velata"}]},{"@type":"WebSite","@id":"https:\/\/www.leternoassente.com\/#website","url":"https:\/\/www.leternoassente.com\/","name":"L&#039;Eterno Assente","description":"Dio, la vita, il senso e altre cazzate","publisher":{"@id":"https:\/\/www.leternoassente.com\/#\/schema\/person\/d2069751871fcdb89a30a0775f4170f9"},"potentialAction":[{"@type":"SearchAction","target":{"@type":"EntryPoint","urlTemplate":"https:\/\/www.leternoassente.com\/?s={search_term_string}"},"query-input":{"@type":"PropertyValueSpecification","valueRequired":true,"valueName":"search_term_string"}}],"inLanguage":"it-IT"},{"@type":["Person","Organization"],"@id":"https:\/\/www.leternoassente.com\/#\/schema\/person\/d2069751871fcdb89a30a0775f4170f9","name":"Choam Goldberg","image":{"@type":"ImageObject","inLanguage":"it-IT","@id":"https:\/\/www.leternoassente.com\/#\/schema\/person\/image\/","url":"https:\/\/secure.gravatar.com\/avatar\/63d2c9f25f05d3da5001f2898f6fc9cd?s=96&d=wavatar&r=g","contentUrl":"https:\/\/secure.gravatar.com\/avatar\/63d2c9f25f05d3da5001f2898f6fc9cd?s=96&d=wavatar&r=g","caption":"Choam Goldberg"},"logo":{"@id":"https:\/\/www.leternoassente.com\/#\/schema\/person\/image\/"},"description":"Contemplata la vastit\u00e0 del cazzo che gliene frega e raggiunta l\u2019atarass\u00eca, Choam Goldberg pratica nondimeno l'antica, dilettevole e nobile arte di demolire le credenze dei\u00a0beoti e degli insipienti.","sameAs":["http:\/\/www.leternoassente.com"]}]}},"_links":{"self":[{"href":"https:\/\/www.leternoassente.com\/index.php?rest_route=\/wp\/v2\/posts\/2624"}],"collection":[{"href":"https:\/\/www.leternoassente.com\/index.php?rest_route=\/wp\/v2\/posts"}],"about":[{"href":"https:\/\/www.leternoassente.com\/index.php?rest_route=\/wp\/v2\/types\/post"}],"author":[{"embeddable":true,"href":"https:\/\/www.leternoassente.com\/index.php?rest_route=\/wp\/v2\/users\/1"}],"replies":[{"embeddable":true,"href":"https:\/\/www.leternoassente.com\/index.php?rest_route=%2Fwp%2Fv2%2Fcomments&post=2624"}],"version-history":[{"count":22,"href":"https:\/\/www.leternoassente.com\/index.php?rest_route=\/wp\/v2\/posts\/2624\/revisions"}],"predecessor-version":[{"id":3512,"href":"https:\/\/www.leternoassente.com\/index.php?rest_route=\/wp\/v2\/posts\/2624\/revisions\/3512"}],"wp:featuredmedia":[{"embeddable":true,"href":"https:\/\/www.leternoassente.com\/index.php?rest_route=\/wp\/v2\/media\/2628"}],"wp:attachment":[{"href":"https:\/\/www.leternoassente.com\/index.php?rest_route=%2Fwp%2Fv2%2Fmedia&parent=2624"}],"wp:term":[{"taxonomy":"category","embeddable":true,"href":"https:\/\/www.leternoassente.com\/index.php?rest_route=%2Fwp%2Fv2%2Fcategories&post=2624"},{"taxonomy":"post_tag","embeddable":true,"href":"https:\/\/www.leternoassente.com\/index.php?rest_route=%2Fwp%2Fv2%2Ftags&post=2624"}],"curies":[{"name":"wp","href":"https:\/\/api.w.org\/{rel}","templated":true}]}}