{"id":474,"date":"2017-12-28T17:00:18","date_gmt":"2017-12-28T16:00:18","guid":{"rendered":"http:\/\/www.leternoassente.com\/?p=474"},"modified":"2019-12-26T18:01:35","modified_gmt":"2019-12-26T17:01:35","slug":"il-presepe-la-nostra-cultura","status":"publish","type":"post","link":"https:\/\/www.leternoassente.com\/?p=474","title":{"rendered":"Il presepe, la \u00abnostra cultura\u00bb?"},"content":{"rendered":"<p><strong>Difendiamo le nostre tradizioni dall\u2019invasione islamica? Ma anche no.<\/strong><\/p>\n<hr>\n<p>E anche questo Natale ce lo siamo levato dai coglioni. Per 11 mesi non sentiremo parlare di Ges\u00f9 bambini, canzoncine religiose, ipocrite bont\u00e0 di circostanza. Soprattutto non sentiremo parlare di presepi e non dovremo sorbirci le consuete polemiche.<\/p>\n<p><!--more--><\/p>\n<p>In Italia il presepe lo ficcano nelle scuole, negli ospedali, negli uffici pubblici, in tutte le istituzioni pubbliche. Che per\u00f2, essendo dello Stato, dovrebbero essere laiche. E spesso fanno pure di peggio: <a href=\"http:\/\/bit.ly\/2E697bM\" target=\"_blank\" rel=\"noopener noreferrer\">statue della Madonna nelle Elementari<\/a> e perfino <a href=\"http:\/\/bit.ly\/2E7eI1C\" target=\"_blank\" rel=\"noopener noreferrer\">Messe nei Palazzi di giustizia<\/a>.<\/p>\n<p>Se fai notare che no, non \u00e8 il caso, e magari presepi e Madonne e Messe ciascuno dovrebbe tenerseli in casa propria, la reazione \u00e8 sempre la stessa: \u00abNon dobbiamo rinunciare alla nostra cultura solo per rispettare gli islamici stranieri. Se ne stessero a casa loro!\u00bb.<\/p>\n<div class=\"simplePullQuote right\"><p>Se fai notare che no, non \u00e8 il caso, e magari presepi e Madonne e Messe ciascuno dovrebbe tenerseli in casa propria, la reazione \u00e8 sempre la stessa: \u00abNon dobbiamo rinunciare alla nostra cultura solo per rispettare gli islamici stranieri. Se ne stessero a casa loro!\u00bb.<\/p>\n<\/div>\n<p>Primo: <a href=\"http:\/\/bit.ly\/2pL2yIA\" target=\"_blank\" rel=\"noopener noreferrer\">il vero presepe \u00e8 morto<\/a>. Morto e sepolto. Da un pezzo. Le attuali rappresentazioni sono un misero tentativo di ripetere una tradizione defunta. I suoi estimatori non saprebbero nemmeno ricostruire il simbolismo delle figure. Ma allora di che cosa stiamo parlando? Di un plastico ferroviario?<\/p>\n<p>Secondo: la \u00abnostra cultura\u00bb? Ma \u00abnostra\u00bb di chi? Sar\u00e0 semmai la loro cultura. Io nei simboli della religione cristiana non mi riconosco. Non sono i miei simboli. Nella Storia della mia cultura ci sono, com\u2019\u00e8 ovvio, Paolo di Tarso, Agostino, Tommaso, Cartesio. Ma ci sono soprattutto Democrito, Epicuro, Socrate, Lucrezio, Spinoza, La Mettrie, Helvetius, d\u2019Holbach, Feuerbach, Marx, Nietzsche, Russell, Freud, Camus e Sartre. E no, i credenti non hanno il diritto di sostenere che anch\u2019io non posso non dirmi cristiano. Perch\u00e9 lo decido io, non loro, che cosa io sono e che cosa dico di me stesso.<\/p>\n<p>Terzo: l\u2019islam non c\u2019entra niente. M\u2019importa una sega dell\u2019islam. Il giorno in cui i musulmani pretenderanno di esporre nelle scuole i versetti del Corano, io sfanculer\u00f2 pure loro. Oggi per\u00f2 c\u2019\u00e8 il presepe. E io non ce lo voglio, perch\u00e9 sono ateo. Ateo ed europeo. La mia casa \u00e8 qui. La mia cultura \u00e8 qui. Lo Stato \u00e8 anche il mio Stato e dev\u2019essere laico per rappresentare tutti: cristiani, ebrei, musulmani, pastafariani e atei. Se poi qualcuno vuole delle immagini religiose, non c\u2019\u00e8 problema: se le espone e se le venera nella sua chiesa, nella sua sinagoga, nella sua moschea, nella sua casa.<\/p>\n<p><strong>Choam Goldberg<\/strong><\/p>\n<hr>\n<p><strong>Potrebbero interessarti anche gli articoli di questi Percorsi:<\/strong><\/p>\n<p><a href=\"https:\/\/www.leternoassente.com\/?tag=cattolicesimo\" target=\"_blank\" rel=\"noopener noreferrer\">Cattolicesimo<\/a><br \/>\n<a href=\"https:\/\/www.leternoassente.com\/?tag=radici\" target=\"_blank\" rel=\"noopener noreferrer\">Radici<\/a><\/p>\n<hr>\n<p><strong>Potrebbero interessarti anche i video di questi Percorsi:<\/strong><\/p>\n<p><a href=\"https:\/\/www.youtube.com\/playlist?list=PLvDA2FoGvhM0U40CNN05VV2EAkmCfKUK9\" target=\"_blank\" rel=\"noopener noreferrer\">Cattolicesimo<\/a><br \/>\n<a href=\"https:\/\/www.youtube.com\/playlist?list=PLvDA2FoGvhM1aILlsdfxDOgaaJ6t-Evzg\" target=\"_blank\" rel=\"noopener noreferrer\">Radici<\/a><\/p>\n","protected":false},"excerpt":{"rendered":"<p>Difendiamo le nostre tradizioni dall\u2019invasione islamica? Ma anche no. E anche questo Natale ce lo siamo levato dai coglioni. Per 11 mesi non sentiremo parlare di Ges\u00f9 bambini, canzoncine religiose, ipocrite bont\u00e0 di circostanza. Soprattutto non sentiremo parlare di presepi &hellip; <a href=\"https:\/\/www.leternoassente.com\/?p=474\">Continua a leggere<span class=\"meta-nav\">&rarr;<\/span><\/a><\/p>\n","protected":false},"author":1,"featured_media":475,"comment_status":"closed","ping_status":"closed","sticky":false,"template":"","format":"standard","meta":{"footnotes":""},"categories":[5,4,417],"tags":[461,468],"class_list":["post-474","post","type-post","status-publish","format-standard","has-post-thumbnail","hentry","category-news","category-opinioni","category-societa","tag-cattolicesimo","tag-radici"],"yoast_head":"<!-- This site is optimized with the Yoast SEO plugin v25.6 - https:\/\/yoast.com\/wordpress\/plugins\/seo\/ -->\n<title>Il presepe, la \u00abnostra cultura\u00bb? - L&#039;Eterno Assente<\/title>\n<meta name=\"robots\" content=\"index, follow, max-snippet:-1, max-image-preview:large, max-video-preview:-1\" \/>\n<link rel=\"canonical\" href=\"https:\/\/www.leternoassente.com\/?p=474\" \/>\n<meta property=\"og:locale\" content=\"it_IT\" \/>\n<meta property=\"og:type\" content=\"article\" \/>\n<meta property=\"og:title\" content=\"Il presepe, la \u00abnostra cultura\u00bb? - L&#039;Eterno Assente\" \/>\n<meta property=\"og:description\" content=\"Difendiamo le nostre tradizioni dall\u2019invasione islamica? Ma anche no. E anche questo Natale ce lo siamo levato dai coglioni. Per 11 mesi non sentiremo parlare di Ges\u00f9 bambini, canzoncine religiose, ipocrite bont\u00e0 di circostanza. Soprattutto non sentiremo parlare di presepi &hellip; Continua a leggere&rarr;\" \/>\n<meta property=\"og:url\" content=\"https:\/\/www.leternoassente.com\/?p=474\" \/>\n<meta property=\"og:site_name\" content=\"L&#039;Eterno Assente\" \/>\n<meta property=\"article:published_time\" content=\"2017-12-28T16:00:18+00:00\" \/>\n<meta property=\"article:modified_time\" content=\"2019-12-26T17:01:35+00:00\" \/>\n<meta property=\"og:image\" content=\"https:\/\/www.leternoassente.com\/wp-content\/uploads\/2017\/12\/presepe.jpg\" \/>\n\t<meta property=\"og:image:width\" content=\"1500\" \/>\n\t<meta property=\"og:image:height\" content=\"436\" \/>\n\t<meta property=\"og:image:type\" content=\"image\/jpeg\" \/>\n<meta name=\"author\" content=\"Choam Goldberg\" \/>\n<meta name=\"twitter:card\" content=\"summary_large_image\" \/>\n<meta name=\"twitter:creator\" content=\"@leternoassente\" \/>\n<meta name=\"twitter:site\" content=\"@leternoassente\" \/>\n<meta name=\"twitter:label1\" content=\"Scritto da\" \/>\n\t<meta name=\"twitter:data1\" content=\"Choam Goldberg\" \/>\n\t<meta name=\"twitter:label2\" content=\"Tempo di lettura stimato\" \/>\n\t<meta name=\"twitter:data2\" content=\"2 minuti\" \/>\n<script type=\"application\/ld+json\" class=\"yoast-schema-graph\">{\"@context\":\"https:\/\/schema.org\",\"@graph\":[{\"@type\":\"Article\",\"@id\":\"https:\/\/www.leternoassente.com\/?p=474#article\",\"isPartOf\":{\"@id\":\"https:\/\/www.leternoassente.com\/?p=474\"},\"author\":{\"name\":\"Choam Goldberg\",\"@id\":\"https:\/\/www.leternoassente.com\/#\/schema\/person\/d2069751871fcdb89a30a0775f4170f9\"},\"headline\":\"Il presepe, la \u00abnostra cultura\u00bb?\",\"datePublished\":\"2017-12-28T16:00:18+00:00\",\"dateModified\":\"2019-12-26T17:01:35+00:00\",\"mainEntityOfPage\":{\"@id\":\"https:\/\/www.leternoassente.com\/?p=474\"},\"wordCount\":457,\"publisher\":{\"@id\":\"https:\/\/www.leternoassente.com\/#\/schema\/person\/d2069751871fcdb89a30a0775f4170f9\"},\"image\":{\"@id\":\"https:\/\/www.leternoassente.com\/?p=474#primaryimage\"},\"thumbnailUrl\":\"https:\/\/www.leternoassente.com\/wp-content\/uploads\/2017\/12\/presepe.jpg\",\"keywords\":[\"Cattolicesimo\",\"Radici\"],\"articleSection\":[\"Attualit\u00e0\",\"Opinioni\",\"Societ\u00e0\"],\"inLanguage\":\"it-IT\"},{\"@type\":\"WebPage\",\"@id\":\"https:\/\/www.leternoassente.com\/?p=474\",\"url\":\"https:\/\/www.leternoassente.com\/?p=474\",\"name\":\"Il presepe, la \u00abnostra cultura\u00bb? - L&#039;Eterno Assente\",\"isPartOf\":{\"@id\":\"https:\/\/www.leternoassente.com\/#website\"},\"primaryImageOfPage\":{\"@id\":\"https:\/\/www.leternoassente.com\/?p=474#primaryimage\"},\"image\":{\"@id\":\"https:\/\/www.leternoassente.com\/?p=474#primaryimage\"},\"thumbnailUrl\":\"https:\/\/www.leternoassente.com\/wp-content\/uploads\/2017\/12\/presepe.jpg\",\"datePublished\":\"2017-12-28T16:00:18+00:00\",\"dateModified\":\"2019-12-26T17:01:35+00:00\",\"breadcrumb\":{\"@id\":\"https:\/\/www.leternoassente.com\/?p=474#breadcrumb\"},\"inLanguage\":\"it-IT\",\"potentialAction\":[{\"@type\":\"ReadAction\",\"target\":[\"https:\/\/www.leternoassente.com\/?p=474\"]}]},{\"@type\":\"ImageObject\",\"inLanguage\":\"it-IT\",\"@id\":\"https:\/\/www.leternoassente.com\/?p=474#primaryimage\",\"url\":\"https:\/\/www.leternoassente.com\/wp-content\/uploads\/2017\/12\/presepe.jpg\",\"contentUrl\":\"https:\/\/www.leternoassente.com\/wp-content\/uploads\/2017\/12\/presepe.jpg\",\"width\":1500,\"height\":436},{\"@type\":\"BreadcrumbList\",\"@id\":\"https:\/\/www.leternoassente.com\/?p=474#breadcrumb\",\"itemListElement\":[{\"@type\":\"ListItem\",\"position\":1,\"name\":\"Home\",\"item\":\"https:\/\/www.leternoassente.com\/\"},{\"@type\":\"ListItem\",\"position\":2,\"name\":\"Il presepe, la \u00abnostra cultura\u00bb?\"}]},{\"@type\":\"WebSite\",\"@id\":\"https:\/\/www.leternoassente.com\/#website\",\"url\":\"https:\/\/www.leternoassente.com\/\",\"name\":\"L&#039;Eterno Assente\",\"description\":\"Dio, la vita, il senso e altre cazzate\",\"publisher\":{\"@id\":\"https:\/\/www.leternoassente.com\/#\/schema\/person\/d2069751871fcdb89a30a0775f4170f9\"},\"potentialAction\":[{\"@type\":\"SearchAction\",\"target\":{\"@type\":\"EntryPoint\",\"urlTemplate\":\"https:\/\/www.leternoassente.com\/?s={search_term_string}\"},\"query-input\":{\"@type\":\"PropertyValueSpecification\",\"valueRequired\":true,\"valueName\":\"search_term_string\"}}],\"inLanguage\":\"it-IT\"},{\"@type\":[\"Person\",\"Organization\"],\"@id\":\"https:\/\/www.leternoassente.com\/#\/schema\/person\/d2069751871fcdb89a30a0775f4170f9\",\"name\":\"Choam Goldberg\",\"image\":{\"@type\":\"ImageObject\",\"inLanguage\":\"it-IT\",\"@id\":\"https:\/\/www.leternoassente.com\/#\/schema\/person\/image\/\",\"url\":\"https:\/\/secure.gravatar.com\/avatar\/63d2c9f25f05d3da5001f2898f6fc9cd?s=96&d=wavatar&r=g\",\"contentUrl\":\"https:\/\/secure.gravatar.com\/avatar\/63d2c9f25f05d3da5001f2898f6fc9cd?s=96&d=wavatar&r=g\",\"caption\":\"Choam Goldberg\"},\"logo\":{\"@id\":\"https:\/\/www.leternoassente.com\/#\/schema\/person\/image\/\"},\"description\":\"Contemplata la vastit\u00e0 del cazzo che gliene frega e raggiunta l\u2019atarass\u00eca, Choam Goldberg pratica nondimeno l'antica, dilettevole e nobile arte di demolire le credenze dei\u00a0beoti e degli insipienti.\",\"sameAs\":[\"http:\/\/www.leternoassente.com\"]}]}<\/script>\n<!-- \/ Yoast SEO plugin. -->","yoast_head_json":{"title":"Il presepe, la \u00abnostra cultura\u00bb? - L&#039;Eterno Assente","robots":{"index":"index","follow":"follow","max-snippet":"max-snippet:-1","max-image-preview":"max-image-preview:large","max-video-preview":"max-video-preview:-1"},"canonical":"https:\/\/www.leternoassente.com\/?p=474","og_locale":"it_IT","og_type":"article","og_title":"Il presepe, la \u00abnostra cultura\u00bb? - L&#039;Eterno Assente","og_description":"Difendiamo le nostre tradizioni dall\u2019invasione islamica? Ma anche no. E anche questo Natale ce lo siamo levato dai coglioni. Per 11 mesi non sentiremo parlare di Ges\u00f9 bambini, canzoncine religiose, ipocrite bont\u00e0 di circostanza. Soprattutto non sentiremo parlare di presepi &hellip; Continua a leggere&rarr;","og_url":"https:\/\/www.leternoassente.com\/?p=474","og_site_name":"L&#039;Eterno Assente","article_published_time":"2017-12-28T16:00:18+00:00","article_modified_time":"2019-12-26T17:01:35+00:00","og_image":[{"width":1500,"height":436,"url":"https:\/\/www.leternoassente.com\/wp-content\/uploads\/2017\/12\/presepe.jpg","type":"image\/jpeg"}],"author":"Choam Goldberg","twitter_card":"summary_large_image","twitter_creator":"@leternoassente","twitter_site":"@leternoassente","twitter_misc":{"Scritto da":"Choam Goldberg","Tempo di lettura stimato":"2 minuti"},"schema":{"@context":"https:\/\/schema.org","@graph":[{"@type":"Article","@id":"https:\/\/www.leternoassente.com\/?p=474#article","isPartOf":{"@id":"https:\/\/www.leternoassente.com\/?p=474"},"author":{"name":"Choam Goldberg","@id":"https:\/\/www.leternoassente.com\/#\/schema\/person\/d2069751871fcdb89a30a0775f4170f9"},"headline":"Il presepe, la \u00abnostra cultura\u00bb?","datePublished":"2017-12-28T16:00:18+00:00","dateModified":"2019-12-26T17:01:35+00:00","mainEntityOfPage":{"@id":"https:\/\/www.leternoassente.com\/?p=474"},"wordCount":457,"publisher":{"@id":"https:\/\/www.leternoassente.com\/#\/schema\/person\/d2069751871fcdb89a30a0775f4170f9"},"image":{"@id":"https:\/\/www.leternoassente.com\/?p=474#primaryimage"},"thumbnailUrl":"https:\/\/www.leternoassente.com\/wp-content\/uploads\/2017\/12\/presepe.jpg","keywords":["Cattolicesimo","Radici"],"articleSection":["Attualit\u00e0","Opinioni","Societ\u00e0"],"inLanguage":"it-IT"},{"@type":"WebPage","@id":"https:\/\/www.leternoassente.com\/?p=474","url":"https:\/\/www.leternoassente.com\/?p=474","name":"Il presepe, la \u00abnostra cultura\u00bb? - L&#039;Eterno Assente","isPartOf":{"@id":"https:\/\/www.leternoassente.com\/#website"},"primaryImageOfPage":{"@id":"https:\/\/www.leternoassente.com\/?p=474#primaryimage"},"image":{"@id":"https:\/\/www.leternoassente.com\/?p=474#primaryimage"},"thumbnailUrl":"https:\/\/www.leternoassente.com\/wp-content\/uploads\/2017\/12\/presepe.jpg","datePublished":"2017-12-28T16:00:18+00:00","dateModified":"2019-12-26T17:01:35+00:00","breadcrumb":{"@id":"https:\/\/www.leternoassente.com\/?p=474#breadcrumb"},"inLanguage":"it-IT","potentialAction":[{"@type":"ReadAction","target":["https:\/\/www.leternoassente.com\/?p=474"]}]},{"@type":"ImageObject","inLanguage":"it-IT","@id":"https:\/\/www.leternoassente.com\/?p=474#primaryimage","url":"https:\/\/www.leternoassente.com\/wp-content\/uploads\/2017\/12\/presepe.jpg","contentUrl":"https:\/\/www.leternoassente.com\/wp-content\/uploads\/2017\/12\/presepe.jpg","width":1500,"height":436},{"@type":"BreadcrumbList","@id":"https:\/\/www.leternoassente.com\/?p=474#breadcrumb","itemListElement":[{"@type":"ListItem","position":1,"name":"Home","item":"https:\/\/www.leternoassente.com\/"},{"@type":"ListItem","position":2,"name":"Il presepe, la \u00abnostra cultura\u00bb?"}]},{"@type":"WebSite","@id":"https:\/\/www.leternoassente.com\/#website","url":"https:\/\/www.leternoassente.com\/","name":"L&#039;Eterno Assente","description":"Dio, la vita, il senso e altre cazzate","publisher":{"@id":"https:\/\/www.leternoassente.com\/#\/schema\/person\/d2069751871fcdb89a30a0775f4170f9"},"potentialAction":[{"@type":"SearchAction","target":{"@type":"EntryPoint","urlTemplate":"https:\/\/www.leternoassente.com\/?s={search_term_string}"},"query-input":{"@type":"PropertyValueSpecification","valueRequired":true,"valueName":"search_term_string"}}],"inLanguage":"it-IT"},{"@type":["Person","Organization"],"@id":"https:\/\/www.leternoassente.com\/#\/schema\/person\/d2069751871fcdb89a30a0775f4170f9","name":"Choam Goldberg","image":{"@type":"ImageObject","inLanguage":"it-IT","@id":"https:\/\/www.leternoassente.com\/#\/schema\/person\/image\/","url":"https:\/\/secure.gravatar.com\/avatar\/63d2c9f25f05d3da5001f2898f6fc9cd?s=96&d=wavatar&r=g","contentUrl":"https:\/\/secure.gravatar.com\/avatar\/63d2c9f25f05d3da5001f2898f6fc9cd?s=96&d=wavatar&r=g","caption":"Choam Goldberg"},"logo":{"@id":"https:\/\/www.leternoassente.com\/#\/schema\/person\/image\/"},"description":"Contemplata la vastit\u00e0 del cazzo che gliene frega e raggiunta l\u2019atarass\u00eca, Choam Goldberg pratica nondimeno l'antica, dilettevole e nobile arte di demolire le credenze dei\u00a0beoti e degli insipienti.","sameAs":["http:\/\/www.leternoassente.com"]}]}},"_links":{"self":[{"href":"https:\/\/www.leternoassente.com\/index.php?rest_route=\/wp\/v2\/posts\/474"}],"collection":[{"href":"https:\/\/www.leternoassente.com\/index.php?rest_route=\/wp\/v2\/posts"}],"about":[{"href":"https:\/\/www.leternoassente.com\/index.php?rest_route=\/wp\/v2\/types\/post"}],"author":[{"embeddable":true,"href":"https:\/\/www.leternoassente.com\/index.php?rest_route=\/wp\/v2\/users\/1"}],"replies":[{"embeddable":true,"href":"https:\/\/www.leternoassente.com\/index.php?rest_route=%2Fwp%2Fv2%2Fcomments&post=474"}],"version-history":[{"count":14,"href":"https:\/\/www.leternoassente.com\/index.php?rest_route=\/wp\/v2\/posts\/474\/revisions"}],"predecessor-version":[{"id":2930,"href":"https:\/\/www.leternoassente.com\/index.php?rest_route=\/wp\/v2\/posts\/474\/revisions\/2930"}],"wp:featuredmedia":[{"embeddable":true,"href":"https:\/\/www.leternoassente.com\/index.php?rest_route=\/wp\/v2\/media\/475"}],"wp:attachment":[{"href":"https:\/\/www.leternoassente.com\/index.php?rest_route=%2Fwp%2Fv2%2Fmedia&parent=474"}],"wp:term":[{"taxonomy":"category","embeddable":true,"href":"https:\/\/www.leternoassente.com\/index.php?rest_route=%2Fwp%2Fv2%2Fcategories&post=474"},{"taxonomy":"post_tag","embeddable":true,"href":"https:\/\/www.leternoassente.com\/index.php?rest_route=%2Fwp%2Fv2%2Ftags&post=474"}],"curies":[{"name":"wp","href":"https:\/\/api.w.org\/{rel}","templated":true}]}}