{"id":6368,"date":"2023-11-14T16:41:05","date_gmt":"2023-11-14T15:41:05","guid":{"rendered":"https:\/\/www.leternoassente.com\/?p=6368"},"modified":"2023-11-14T16:53:43","modified_gmt":"2023-11-14T15:53:43","slug":"le-aporie-del-dio-dei-filosofi","status":"publish","type":"post","link":"https:\/\/www.leternoassente.com\/?p=6368","title":{"rendered":"Le apor\u00ece del Dio dei filosofi"},"content":{"rendered":"<p><strong>Quello abramitico \u00e8 assurdo, ma quello filosofico non se la passa molto meglio.<\/strong><\/p>\n<hr \/>\n<p style=\"padding-left: 40px;\"><em>Ancora un guest post de L\u2019Eterno Assente. <strong>Mattia Fabbri<\/strong>, docente di storia e filosofia, riflette sul concetto filosofico di divinit\u00e0.<\/em><\/p>\n<hr \/>\n<p>Spesso da parte laica si contrappone il Dio filosofico al Dio abramitico per mostrare come il secondo sia molto meno credibile del primo: basti pensare alle tantissime contraddizioni presenti nelle Scritture, all&#8217;insolubile problema della teodicea, ai suoi ineliminabili antropomorfismi eccetera. Sicuramente il Dio dei filosofi, nella sua assenza di caratteri antropomorfi e nella sua totale estraneit\u00e0 alle religioni, appare molto pi\u00f9 difendibile rispetto a quello della Bibbia o del Corano. Non \u00e8 un caso che molti filosofi laici (ad esempio i deisti) lo abbiano sostenuto con argomentazioni apparentemente razionali o che venga considerato un&#8217;ipotesi interessante anche da molti di coloro che si dichiarano atei e agnostici. Eppure, a una riflessione pi\u00f9 attenta, anche il Dio filosofico risulta poco consistente e attendibile come ipotesi.<\/p>\n<p><!--more--><\/p>\n<p>Prendiamo ad esempio uno dei concetti filosofici di Dio maggiormente diffusi e accettati, ovvero il Dio concepito sul modello del Demiurgo platonico. Questo concetto di Dio non \u00e8 affatto esente da criticit\u00e0: infatti, cos\u00ec come un puro spirito \u2013 qualunque cosa significhi questa parola \u2013, questo Dio non pu\u00f2 estrinsecare la materia, essendone ontologicamente agli antipodi, e allo stesso modo non pu\u00f2 neppure plasmarla, organizzarla o modellarla secondo determinate strutture. Come potrebbe un principio assolutamente immateriale interagire con la materia, pur non avendo con questa alcun tipo di analogia o punto di contatto? E perch\u00e9 postulare un ipotetico \u00abspirito\u00bb che pone solo delle apor\u00ece in pi\u00f9, quando \u00e8 possibile concepire un universo eterno che si auto-organizza dall&#8217;eternit\u00e0 in base alle proprie leggi immanenti? Nella concezione platonica il Demiurgo viene posto solo come intermediario tra le Idee e la materia: le prime sono i modelli a cui si ispira la sua azione ordinatrice, la seconda invece \u00e8 la realt\u00e0 originariamente caotica e disordinata (in greco \u00abchora\u00bb) da plasmare e organizzare secondo forme geometriche.<\/p>\n<p>Quindi per Platone due princ\u00ecpi sono eterni: la materia-chora, il Demiurgo e la sua azione modellatrice. Serve quindi un anello di congiunzione che unisca due realt\u00e0 diverse ed eterogenee. Il Demiurgo, per svolgere la propria funzione, dovrebbe partecipare sia dell&#8217;una sia dell&#8217;altra. Ed \u00e8 proprio qui \u2013 come dicevo \u2013 l&#8217;apor\u00eca in cui incappa Platone: tale principio infatti \u00e8 immateriale come le Idee. Dunque non pu\u00f2 avere punti di contatto con la materia-chora, a meno che non si voglia affermare che \u00e8 anche materiale. Ma come pu\u00f2 essere immateriale come le Idee e al contempo materiale come la chora? E, se non ha punti di contatto con la materia, come pu\u00f2 interagirvi per organizzarla secondo criteri geometrici? Del resto il problema del rapporto tra Dio (incorporeo) e la massa-energia dell&#8217;universo \u00e8 analogo a quello tra l&#8217;anima immateriale e il cervello. Problema mai risolto da Cartesio, che postulava la coesistenza e l&#8217;interazione nell&#8217;uomo della res cogitans con la res extensa e si era inventato la contraddittoria \u00absoluzione\u00bb della ghiandola pineale nel tentativo di far quadrare i conti. E problema che costituisce la principale spina nel fianco di tutte le filosofie dualiste.<\/p>\n<p>Consideriamo ora un altro noto concetto filosofico di Dio: quello aristotelico di \u00abmotore immobile\u00bb, che avrebbe la funzione di spiegare il mutamento. \u00c8 facile osservare che il paradigma cosmologico che rendeva necessaria tale spiegazione filosofico-teologica \u00e8 ormai superato da secoli e oggi, se consideriamo l&#8217;attuale visione scientifica dell&#8217;universo e tutto quello che conosciamo delle sue leggi e dei suoi processi fisici, non sembra affatto necessario postulare motori immobili o cause prime immutabili. Inoltre risulta incomprensibile che il movimento possa derivare da una realt\u00e0 completamente immobile o il mutamento da un&#8217;entit\u00e0 per definizione assolutamente immutabile.<\/p>\n<p>Un Dio indivenibile del resto sarebbe completamente al di fuori del tempo e dello spazio e quindi non potrebbe n\u00e9 generare effetti n\u00e9 subirne, dato che per poter causare o subire qualcosa \u00e8 necessario essere calati all&#8217;interno della dimensione temporale. Ma ha senso considerare \u00abesistente\u00bb un&#8217;entit\u00e0 del genere? Molti filosofi (ad esempio il tardo Platone, gli stoici, gli epicurei, Hobbes, d&#8217;Holbach eccetera) hanno definito come \u00abesistente\u00bb tutto ci\u00f2 che pu\u00f2 agire (provocare effetti\/mutamenti) o patire (subire effetti\/mutamenti). In base a tale definizione, che condivido, risulta quanto meno problematico poter definire \u00abesistente\u00bb un qualunque \u00abessere\u00bb collocato al di fuori dello spaziotempo.<\/p>\n<p>Aristotele, per spiegare il movimento dell&#8217;universo senza compromettere la perfezione divina, sosteneva che gli enti naturali tendessero verso Dio come l&#8217;amante tende verso l&#8217;amato o l&#8217;amata. In altre parole, il mutamento degli oggetti veniva spiegato in termini finalistici, perch\u00e9 questi erano considerati teleologicamente orientati verso il principio supremo che quindi poteva muovere senza muoversi, in modo meramente attrattivo. Spiegazione molto affascinante e ingegnosa, senza dubbio. Tuttavia assolutamente obsoleta e improponibile nell&#8217;attuale contesto cosmologico, dove sono state completamente accantonate le \u00abcause finali\u00bb, in quanto prive di attendibilit\u00e0 scientifica.<\/p>\n<p>Altri modelli filosofici di Dio tendono a identificarlo con l&#8217;ordine del cosmo, ovvero con il suo Logos immanente: \u00e8 il caso ad esempio dello stoicismo e della metafisica spinoziana. \u00c8 la concezione panteistica di Dio, che ha conosciuto ovviamente tante sfumature e declinazioni differenti ma che ruota attorno al comune denominatore di concepire Dio e la Natura come un tutt&#8217;uno, senza dualismi. Il vantaggio di questa concezione \u00e8 quello di aggirare l&#8217;annosa questione del passaggio da Dio (perfetto, immutabile e immateriale) al mondo (imperfetto, mutevole e materiale).<\/p>\n<p>Nondimeno, come ebbe a dichiarare Schopenhauer, il panteismo soffre di un grande problema: non dice nulla di nuovo. Si limita semplicemente ad arricchire la lingua di un nuovo vocabolo. Perch\u00e9 chiamare \u00abDio\u00bb il mondo o la sua struttura razionale quando per indicarlo \u00e8 sufficiente la parola \u00abmondo\u00bb o \u00abnatura\u00bb? Perch\u00e9 questa identificazione tra Dio e ci\u00f2 che sappiamo gi\u00e0 esistere? Quali problemi dovrebbe risolvere tale identificazione? Quali conoscenze ulteriori potrebbe apportare? \u00c8 evidente \u2013 a ben vedere \u2013 l&#8217;inutilit\u00e0 del Dio panteistico: se tutto \u00e8 Dio, allora nulla \u00e8 Dio. \u00abNatura\u00bb \u00e8 un termine meno ambiguo, nonostante la sua genericit\u00e0: meglio limitarsi a utilizzare quello.<\/p>\n<p>Inoltre va detto che molti panteisti, identificando Dio con la Natura, tendono a dare di questa un&#8217;immagine unilateralmente positiva, trascurando \u2013 o non spiegando adeguatamente \u2013 tutti quei suoi aspetti pi\u00f9 \u00abmatrigneschi\u00bb che \u00abmaterni\u00bb. Anche un certo panteismo di conseguenza incappa nel problema del Male e in particolare del Male naturale, in quanto considera Dio il Bene per poi identificarlo con la Natura nella sua totalit\u00e0. I panteismi che non identificano Dio con il Bene ovviamente non sono toccati da questa critica, ma vale per loro l&#8217;obiezione schopenhaueriana di cui sopra.<\/p>\n<p>Ci sono altre concezioni filosofiche di Dio, e questo articolo non intende certo essere esaustivo. Tuttavia quelle prese qui in considerazione sono certamente le pi\u00f9 note e diffuse.<\/p>\n<p><strong>Mattia Fabbri<\/strong><\/p>\n<p style=\"text-align: right;\">(Foto: <a href=\"https:\/\/www.flickr.com\/photos\/26349479@N07\/3943148273\">adrian8_8<\/a>)<\/p>\n<hr \/>\n<p><em>Avvertenza:<\/em><br \/>\n<em>La lingua di questo articolo cerca di conciliare l&#8217;inclusivit\u00e0 con la leggibilit\u00e0 e la scorrevolezza. Nessuno si offenda quindi se evita le ripetizioni e usa il plurale sovraesteso. <a href=\"https:\/\/www.leternoassente.com\/?p=5651\">Ch\u00e9 mi spiace, ma la schwa anche no.<\/a><\/em><\/p>\n<hr \/>\n<p><em>Qui sotto trovi la possibilit\u00e0 di commentare quest&#8217;articolo. Per farlo, devi<br \/>\n1. confermare che sei ateo\/a,<br \/>\n2. essere consapevole che, se menti, stai commettendo il gravissimo peccato di apostasia,<br \/>\n3. aspettare che il commento sia approvato dall&#8217;admin.<br \/>\nL&#8217;approvazione dei commenti dipende dall&#8217;insindacabile e inappellabile giudizio dell&#8217;admin. Se vuoi saperne di pi\u00f9 a proposito dei commenti, puoi consultare le <a href=\"http:\/\/www.leternoassente.com\/?page_id=957#nocomment\" target=\"_blank\" rel=\"noopener\">FAQ<\/a>.<br \/>\nInoltre puoi commentare gli articoli e i post nel <a href=\"https:\/\/www.facebook.com\/groups\/eternoassente\/\" target=\"_blank\" rel=\"noopener\">Gruppo Facebook de L&#8217;Eterno Assente<\/a>, se ti iscrivi al Gruppo dopo aver risposto a una semplice domanda.<\/em><\/p>\n<hr \/>\n<p><strong>Potrebbero interessarti anche gli articoli di questi Percorsi:<\/strong><\/p>\n<p><a href=\"https:\/\/www.leternoassente.com\/?tag=ateologia\" target=\"_blank\" rel=\"noopener noreferrer\">(A)teologia<\/a><br \/>\n<a href=\"https:\/\/www.leternoassente.com\/?tag=spiegoni\" target=\"_blank\" rel=\"noopener noreferrer\">Spiegoni<\/a><\/p>\n<hr \/>\n<p><strong>Potrebbero interessarti anche i video di questi Percorsi:<\/strong><\/p>\n<p><a href=\"https:\/\/www.youtube.com\/playlist?list=PLvDA2FoGvhM3Pwni6HOvSVsqkk4ariC98\" target=\"_blank\" rel=\"noopener noreferrer\">(A)teologia<\/a><br \/>\n<a href=\"https:\/\/www.youtube.com\/playlist?list=PLvDA2FoGvhM0WCvRX8tNs_Xazozi3uSG1\" target=\"_blank\" rel=\"noopener noreferrer\">Spiegoni<\/a><\/p>\n","protected":false},"excerpt":{"rendered":"<p>Quello abramitico \u00e8 assurdo, ma quello filosofico non se la passa molto meglio. <a href=\"https:\/\/www.leternoassente.com\/?p=6368\">Continua a leggere<span class=\"meta-nav\">&rarr;<\/span><\/a><\/p>\n","protected":false},"author":1,"featured_media":6374,"comment_status":"open","ping_status":"closed","sticky":false,"template":"","format":"standard","meta":{"footnotes":""},"categories":[211,4,414],"tags":[],"class_list":["post-6368","post","type-post","status-publish","format-standard","has-post-thumbnail","hentry","category-filosofia","category-opinioni","category-razionalita"],"yoast_head":"<!-- This site is optimized with the Yoast SEO plugin v25.6 - https:\/\/yoast.com\/wordpress\/plugins\/seo\/ -->\n<title>Le apor\u00ece del Dio dei filosofi - L&#039;Eterno Assente<\/title>\n<meta name=\"description\" content=\"Quello abramitico \u00e8 assurdo, ma quello filosofico non se la passa molto meglio.\" \/>\n<meta name=\"robots\" content=\"index, follow, max-snippet:-1, max-image-preview:large, max-video-preview:-1\" \/>\n<link rel=\"canonical\" href=\"https:\/\/www.leternoassente.com\/?p=6368\" \/>\n<meta property=\"og:locale\" content=\"it_IT\" \/>\n<meta property=\"og:type\" content=\"article\" \/>\n<meta property=\"og:title\" content=\"Le apor\u00ece del Dio dei filosofi - L&#039;Eterno Assente\" \/>\n<meta property=\"og:description\" content=\"Quello abramitico \u00e8 assurdo, ma quello filosofico non se la passa molto meglio.\" \/>\n<meta property=\"og:url\" content=\"https:\/\/www.leternoassente.com\/?p=6368\" \/>\n<meta property=\"og:site_name\" content=\"L&#039;Eterno Assente\" \/>\n<meta property=\"article:published_time\" content=\"2023-11-14T15:41:05+00:00\" \/>\n<meta property=\"article:modified_time\" content=\"2023-11-14T15:53:43+00:00\" \/>\n<meta property=\"og:image\" content=\"https:\/\/www.leternoassente.com\/wp-content\/uploads\/2023\/11\/diotriangolo.jpg\" \/>\n\t<meta property=\"og:image:width\" content=\"1500\" \/>\n\t<meta property=\"og:image:height\" content=\"435\" \/>\n\t<meta property=\"og:image:type\" content=\"image\/jpeg\" \/>\n<meta name=\"author\" content=\"Choam Goldberg\" \/>\n<meta name=\"twitter:card\" content=\"summary_large_image\" \/>\n<meta name=\"twitter:creator\" content=\"@leternoassente\" \/>\n<meta name=\"twitter:site\" content=\"@leternoassente\" \/>\n<meta name=\"twitter:label1\" content=\"Scritto da\" \/>\n\t<meta name=\"twitter:data1\" content=\"Choam Goldberg\" \/>\n\t<meta name=\"twitter:label2\" content=\"Tempo di lettura stimato\" \/>\n\t<meta name=\"twitter:data2\" content=\"7 minuti\" \/>\n<script type=\"application\/ld+json\" class=\"yoast-schema-graph\">{\"@context\":\"https:\/\/schema.org\",\"@graph\":[{\"@type\":\"Article\",\"@id\":\"https:\/\/www.leternoassente.com\/?p=6368#article\",\"isPartOf\":{\"@id\":\"https:\/\/www.leternoassente.com\/?p=6368\"},\"author\":{\"name\":\"Choam Goldberg\",\"@id\":\"https:\/\/www.leternoassente.com\/#\/schema\/person\/d2069751871fcdb89a30a0775f4170f9\"},\"headline\":\"Le apor\u00ece del Dio dei filosofi\",\"datePublished\":\"2023-11-14T15:41:05+00:00\",\"dateModified\":\"2023-11-14T15:53:43+00:00\",\"mainEntityOfPage\":{\"@id\":\"https:\/\/www.leternoassente.com\/?p=6368\"},\"wordCount\":1275,\"commentCount\":3,\"publisher\":{\"@id\":\"https:\/\/www.leternoassente.com\/#\/schema\/person\/d2069751871fcdb89a30a0775f4170f9\"},\"image\":{\"@id\":\"https:\/\/www.leternoassente.com\/?p=6368#primaryimage\"},\"thumbnailUrl\":\"https:\/\/www.leternoassente.com\/wp-content\/uploads\/2023\/11\/diotriangolo.jpg\",\"articleSection\":[\"Filosofia\",\"Opinioni\",\"Razionalit\u00e0\"],\"inLanguage\":\"it-IT\",\"potentialAction\":[{\"@type\":\"CommentAction\",\"name\":\"Comment\",\"target\":[\"https:\/\/www.leternoassente.com\/?p=6368#respond\"]}]},{\"@type\":\"WebPage\",\"@id\":\"https:\/\/www.leternoassente.com\/?p=6368\",\"url\":\"https:\/\/www.leternoassente.com\/?p=6368\",\"name\":\"Le apor\u00ece del Dio dei filosofi - L&#039;Eterno Assente\",\"isPartOf\":{\"@id\":\"https:\/\/www.leternoassente.com\/#website\"},\"primaryImageOfPage\":{\"@id\":\"https:\/\/www.leternoassente.com\/?p=6368#primaryimage\"},\"image\":{\"@id\":\"https:\/\/www.leternoassente.com\/?p=6368#primaryimage\"},\"thumbnailUrl\":\"https:\/\/www.leternoassente.com\/wp-content\/uploads\/2023\/11\/diotriangolo.jpg\",\"datePublished\":\"2023-11-14T15:41:05+00:00\",\"dateModified\":\"2023-11-14T15:53:43+00:00\",\"description\":\"Quello abramitico \u00e8 assurdo, ma quello filosofico non se la passa molto meglio.\",\"breadcrumb\":{\"@id\":\"https:\/\/www.leternoassente.com\/?p=6368#breadcrumb\"},\"inLanguage\":\"it-IT\",\"potentialAction\":[{\"@type\":\"ReadAction\",\"target\":[\"https:\/\/www.leternoassente.com\/?p=6368\"]}]},{\"@type\":\"ImageObject\",\"inLanguage\":\"it-IT\",\"@id\":\"https:\/\/www.leternoassente.com\/?p=6368#primaryimage\",\"url\":\"https:\/\/www.leternoassente.com\/wp-content\/uploads\/2023\/11\/diotriangolo.jpg\",\"contentUrl\":\"https:\/\/www.leternoassente.com\/wp-content\/uploads\/2023\/11\/diotriangolo.jpg\",\"width\":1500,\"height\":435},{\"@type\":\"BreadcrumbList\",\"@id\":\"https:\/\/www.leternoassente.com\/?p=6368#breadcrumb\",\"itemListElement\":[{\"@type\":\"ListItem\",\"position\":1,\"name\":\"Home\",\"item\":\"https:\/\/www.leternoassente.com\/\"},{\"@type\":\"ListItem\",\"position\":2,\"name\":\"Le apor\u00ece del Dio dei filosofi\"}]},{\"@type\":\"WebSite\",\"@id\":\"https:\/\/www.leternoassente.com\/#website\",\"url\":\"https:\/\/www.leternoassente.com\/\",\"name\":\"L&#039;Eterno Assente\",\"description\":\"Dio, la vita, il senso e altre cazzate\",\"publisher\":{\"@id\":\"https:\/\/www.leternoassente.com\/#\/schema\/person\/d2069751871fcdb89a30a0775f4170f9\"},\"potentialAction\":[{\"@type\":\"SearchAction\",\"target\":{\"@type\":\"EntryPoint\",\"urlTemplate\":\"https:\/\/www.leternoassente.com\/?s={search_term_string}\"},\"query-input\":{\"@type\":\"PropertyValueSpecification\",\"valueRequired\":true,\"valueName\":\"search_term_string\"}}],\"inLanguage\":\"it-IT\"},{\"@type\":[\"Person\",\"Organization\"],\"@id\":\"https:\/\/www.leternoassente.com\/#\/schema\/person\/d2069751871fcdb89a30a0775f4170f9\",\"name\":\"Choam Goldberg\",\"image\":{\"@type\":\"ImageObject\",\"inLanguage\":\"it-IT\",\"@id\":\"https:\/\/www.leternoassente.com\/#\/schema\/person\/image\/\",\"url\":\"https:\/\/secure.gravatar.com\/avatar\/63d2c9f25f05d3da5001f2898f6fc9cd?s=96&d=wavatar&r=g\",\"contentUrl\":\"https:\/\/secure.gravatar.com\/avatar\/63d2c9f25f05d3da5001f2898f6fc9cd?s=96&d=wavatar&r=g\",\"caption\":\"Choam Goldberg\"},\"logo\":{\"@id\":\"https:\/\/www.leternoassente.com\/#\/schema\/person\/image\/\"},\"description\":\"Contemplata la vastit\u00e0 del cazzo che gliene frega e raggiunta l\u2019atarass\u00eca, Choam Goldberg pratica nondimeno l'antica, dilettevole e nobile arte di demolire le credenze dei\u00a0beoti e degli insipienti.\",\"sameAs\":[\"http:\/\/www.leternoassente.com\"]}]}<\/script>\n<!-- \/ Yoast SEO plugin. -->","yoast_head_json":{"title":"Le apor\u00ece del Dio dei filosofi - L&#039;Eterno Assente","description":"Quello abramitico \u00e8 assurdo, ma quello filosofico non se la passa molto meglio.","robots":{"index":"index","follow":"follow","max-snippet":"max-snippet:-1","max-image-preview":"max-image-preview:large","max-video-preview":"max-video-preview:-1"},"canonical":"https:\/\/www.leternoassente.com\/?p=6368","og_locale":"it_IT","og_type":"article","og_title":"Le apor\u00ece del Dio dei filosofi - L&#039;Eterno Assente","og_description":"Quello abramitico \u00e8 assurdo, ma quello filosofico non se la passa molto meglio.","og_url":"https:\/\/www.leternoassente.com\/?p=6368","og_site_name":"L&#039;Eterno Assente","article_published_time":"2023-11-14T15:41:05+00:00","article_modified_time":"2023-11-14T15:53:43+00:00","og_image":[{"width":1500,"height":435,"url":"https:\/\/www.leternoassente.com\/wp-content\/uploads\/2023\/11\/diotriangolo.jpg","type":"image\/jpeg"}],"author":"Choam Goldberg","twitter_card":"summary_large_image","twitter_creator":"@leternoassente","twitter_site":"@leternoassente","twitter_misc":{"Scritto da":"Choam Goldberg","Tempo di lettura stimato":"7 minuti"},"schema":{"@context":"https:\/\/schema.org","@graph":[{"@type":"Article","@id":"https:\/\/www.leternoassente.com\/?p=6368#article","isPartOf":{"@id":"https:\/\/www.leternoassente.com\/?p=6368"},"author":{"name":"Choam Goldberg","@id":"https:\/\/www.leternoassente.com\/#\/schema\/person\/d2069751871fcdb89a30a0775f4170f9"},"headline":"Le apor\u00ece del Dio dei filosofi","datePublished":"2023-11-14T15:41:05+00:00","dateModified":"2023-11-14T15:53:43+00:00","mainEntityOfPage":{"@id":"https:\/\/www.leternoassente.com\/?p=6368"},"wordCount":1275,"commentCount":3,"publisher":{"@id":"https:\/\/www.leternoassente.com\/#\/schema\/person\/d2069751871fcdb89a30a0775f4170f9"},"image":{"@id":"https:\/\/www.leternoassente.com\/?p=6368#primaryimage"},"thumbnailUrl":"https:\/\/www.leternoassente.com\/wp-content\/uploads\/2023\/11\/diotriangolo.jpg","articleSection":["Filosofia","Opinioni","Razionalit\u00e0"],"inLanguage":"it-IT","potentialAction":[{"@type":"CommentAction","name":"Comment","target":["https:\/\/www.leternoassente.com\/?p=6368#respond"]}]},{"@type":"WebPage","@id":"https:\/\/www.leternoassente.com\/?p=6368","url":"https:\/\/www.leternoassente.com\/?p=6368","name":"Le apor\u00ece del Dio dei filosofi - L&#039;Eterno Assente","isPartOf":{"@id":"https:\/\/www.leternoassente.com\/#website"},"primaryImageOfPage":{"@id":"https:\/\/www.leternoassente.com\/?p=6368#primaryimage"},"image":{"@id":"https:\/\/www.leternoassente.com\/?p=6368#primaryimage"},"thumbnailUrl":"https:\/\/www.leternoassente.com\/wp-content\/uploads\/2023\/11\/diotriangolo.jpg","datePublished":"2023-11-14T15:41:05+00:00","dateModified":"2023-11-14T15:53:43+00:00","description":"Quello abramitico \u00e8 assurdo, ma quello filosofico non se la passa molto meglio.","breadcrumb":{"@id":"https:\/\/www.leternoassente.com\/?p=6368#breadcrumb"},"inLanguage":"it-IT","potentialAction":[{"@type":"ReadAction","target":["https:\/\/www.leternoassente.com\/?p=6368"]}]},{"@type":"ImageObject","inLanguage":"it-IT","@id":"https:\/\/www.leternoassente.com\/?p=6368#primaryimage","url":"https:\/\/www.leternoassente.com\/wp-content\/uploads\/2023\/11\/diotriangolo.jpg","contentUrl":"https:\/\/www.leternoassente.com\/wp-content\/uploads\/2023\/11\/diotriangolo.jpg","width":1500,"height":435},{"@type":"BreadcrumbList","@id":"https:\/\/www.leternoassente.com\/?p=6368#breadcrumb","itemListElement":[{"@type":"ListItem","position":1,"name":"Home","item":"https:\/\/www.leternoassente.com\/"},{"@type":"ListItem","position":2,"name":"Le apor\u00ece del Dio dei filosofi"}]},{"@type":"WebSite","@id":"https:\/\/www.leternoassente.com\/#website","url":"https:\/\/www.leternoassente.com\/","name":"L&#039;Eterno Assente","description":"Dio, la vita, il senso e altre cazzate","publisher":{"@id":"https:\/\/www.leternoassente.com\/#\/schema\/person\/d2069751871fcdb89a30a0775f4170f9"},"potentialAction":[{"@type":"SearchAction","target":{"@type":"EntryPoint","urlTemplate":"https:\/\/www.leternoassente.com\/?s={search_term_string}"},"query-input":{"@type":"PropertyValueSpecification","valueRequired":true,"valueName":"search_term_string"}}],"inLanguage":"it-IT"},{"@type":["Person","Organization"],"@id":"https:\/\/www.leternoassente.com\/#\/schema\/person\/d2069751871fcdb89a30a0775f4170f9","name":"Choam Goldberg","image":{"@type":"ImageObject","inLanguage":"it-IT","@id":"https:\/\/www.leternoassente.com\/#\/schema\/person\/image\/","url":"https:\/\/secure.gravatar.com\/avatar\/63d2c9f25f05d3da5001f2898f6fc9cd?s=96&d=wavatar&r=g","contentUrl":"https:\/\/secure.gravatar.com\/avatar\/63d2c9f25f05d3da5001f2898f6fc9cd?s=96&d=wavatar&r=g","caption":"Choam Goldberg"},"logo":{"@id":"https:\/\/www.leternoassente.com\/#\/schema\/person\/image\/"},"description":"Contemplata la vastit\u00e0 del cazzo che gliene frega e raggiunta l\u2019atarass\u00eca, Choam Goldberg pratica nondimeno l'antica, dilettevole e nobile arte di demolire le credenze dei\u00a0beoti e degli insipienti.","sameAs":["http:\/\/www.leternoassente.com"]}]}},"_links":{"self":[{"href":"https:\/\/www.leternoassente.com\/index.php?rest_route=\/wp\/v2\/posts\/6368"}],"collection":[{"href":"https:\/\/www.leternoassente.com\/index.php?rest_route=\/wp\/v2\/posts"}],"about":[{"href":"https:\/\/www.leternoassente.com\/index.php?rest_route=\/wp\/v2\/types\/post"}],"author":[{"embeddable":true,"href":"https:\/\/www.leternoassente.com\/index.php?rest_route=\/wp\/v2\/users\/1"}],"replies":[{"embeddable":true,"href":"https:\/\/www.leternoassente.com\/index.php?rest_route=%2Fwp%2Fv2%2Fcomments&post=6368"}],"version-history":[{"count":7,"href":"https:\/\/www.leternoassente.com\/index.php?rest_route=\/wp\/v2\/posts\/6368\/revisions"}],"predecessor-version":[{"id":6376,"href":"https:\/\/www.leternoassente.com\/index.php?rest_route=\/wp\/v2\/posts\/6368\/revisions\/6376"}],"wp:featuredmedia":[{"embeddable":true,"href":"https:\/\/www.leternoassente.com\/index.php?rest_route=\/wp\/v2\/media\/6374"}],"wp:attachment":[{"href":"https:\/\/www.leternoassente.com\/index.php?rest_route=%2Fwp%2Fv2%2Fmedia&parent=6368"}],"wp:term":[{"taxonomy":"category","embeddable":true,"href":"https:\/\/www.leternoassente.com\/index.php?rest_route=%2Fwp%2Fv2%2Fcategories&post=6368"},{"taxonomy":"post_tag","embeddable":true,"href":"https:\/\/www.leternoassente.com\/index.php?rest_route=%2Fwp%2Fv2%2Ftags&post=6368"}],"curies":[{"name":"wp","href":"https:\/\/api.w.org\/{rel}","templated":true}]}}